{"ikmk_mds_id":"18204220","ikmk_id":"4322","eLearning_completed":"0","primary_source_id":"0","title":"Faustina (Minor)","inventory_number":"","activated":"yes","item":{"ikmk_item_id":"1","ndp_uri":"https:\/\/ikmk.smb.museum\/ndp\/item\/1","item_de":"M\u00fcnze","item_en":"Coin","item_nomisma":"http:\/\/nomisma.org\/id\/coin"},"permalink":"https:\/\/ikmk.smb.museum\/object?id=18204220","permalink_source":null,"publisher":{"ikmk_publisher_id":13,"ndp_uri":"https:\/\/ikmk.smb.museum\/ndp\/owner\/13","publisher_name":"M\u00fcnzkabinett, Staatliche Museen zu Berlin - Stiftung Preu\u00dfischer Kulturbesitz","publisher_isil":"http:\/\/ld.zdb-services.de\/resource\/organisations\/DE-MUS-814819","publisher_isil_short":"DE-MUS-814819","UID":"http:\/\/ld.zdb-services.de\/resource\/organisations\/DE-MUS-814819\/18204220","legalBodyWeblink":"https:\/\/www.smb.museum\/museen-und-einrichtungen\/muenzkabinett\/home.html","nomisma_address":"http:\/\/nomisma.org\/id\/mk_berlin","author":"Dei\u00dfmann, Marie-Luise; Dahmen, Karsten"},"owner":{"ikmk_owner_id":"13","owner_name":"Berlin, M\u00fcnzkabinett der Staatlichen Museen","owner_isil":"http:\/\/ld.zdb-services.de\/resource\/organisations\/DE-MUS-814819","owner_isil_short":"DE-MUS-814819","owner_www_address":"https:\/\/ikmk.smb.museum\/","nomisma_address":"http:\/\/nomisma.org\/id\/mk_berlin","ndp_uri":"https:\/\/ikmk.smb.museum\/ndp\/owner\/13","owner_type":{"de":"Eigentum","en":"Property","ikmk_type_id":"2","ndp_uri":"https:\/\/ikmk.smb.museum\/ndp\/status_of_property\/2"}},"ikmk_status_id":"7","status":{"de":"vorhanden","en":"present","ikmk_status_id":"7","ndp_uri":"https:\/\/ikmk.smb.museum\/ndp\/object_status\/7"},"nominal":{"ikmk_nominal_id":"666","nominal_de":"As","nominal_en":"As","nominal_nomisma_id":"http:\/\/nomisma.org\/id\/as","nominal_gnd_id":"","info_de":"Der As; Asses (Mehrzahl). Eigentlich \u201eEiner\u201c bzw. \u201eEinheit\u201c. Bezeichnet im Gewichtssystem des Geldes der r\u00f6mischen Republik das in zw\u00f6lf Unzen (unciae) unterteilte Pfund (libra), mit wechselnden sinkenden Standards (vom obengenannten libralen zum semilibralen, sextanalen und schlie\u00dflich unzialen). Zun\u00e4chst gegossen als Teil des Aes grave, seit dem Ende des 3. Jhs. v. Chr. gepr\u00e4gt. Auch die entsprechende Einheit unteritalischen Schwergeldes wurde als As bezeichnet. Mit der Einf\u00fchrung des Denares (s. dort) kamen erst zehn, dann 16 Asses auf einen solchen. Augustus lie\u00df den As ebenfalls als Kupferm\u00fcnze weiterpr\u00e4gen, lediglich Nero gab ihn kurzfristig in Messing aus. Im Verlauf des 3. Jhs. n. Chr. werden Asses immer seltener gepr\u00e4gt und erscheinen zuletzt unter Aurelianus (reg. 270-275 n. Chr.).","info_en":"","ndp_uri":"https:\/\/ikmk.smb.museum\/ndp\/denomination\/666"},"date_last":"2023-03-14 01:49:51","coin_status":[{"ikmk_coin_status_id":"29","coin_status_name_de":"Antike Herrscherpr\u00e4gung","coin_status_name_en":"Ancient Ruler's issue","coin_status_nomisma_id":"http:\/\/nomisma.org\/id\/ruler","ndp_uri":"https:\/\/ikmk.smb.museum\/ndp\/class_status\/29"}],"mint":[{"ikmk_country_id":"25","country_ndp_url":"https:\/\/ikmk.smb.museum\/ndp\/country\/25","country_name_de":"Italien","country_name_en":"Italy","country_nomisma_id":"http:\/\/nomisma.org\/id\/italian_republic","country_geoname_id":"http:\/\/www.geonames.org\/3175395","ikmk_region_id":"263","region_ndp_uri":"https:\/\/ikmk.smb.museum\/ndp\/region\/263","region_name":"Italia","region_nomisma_id":"http:\/\/nomisma.org\/id\/italy","region_geoname_id":"","ikmk_mint_id":"678","mint_ndp_uri":"https:\/\/ikmk.smb.museum\/ndp\/location\/678","mint_name":"Rom","mint_name_de":"Rom","mint_name_en":"Rome","mint_nomisma_id":"http:\/\/nomisma.org\/id\/rome","mint_geoname_id":"http:\/\/www.geonames.org\/3169070"}],"material":{"ikmk_material_id":"2","material_name_de":"Bronze","material_name_en":"Bronze","material_nomisma_id":"http:\/\/nomisma.org\/id\/ae","ndp_uri":"https:\/\/ikmk.smb.museum\/ndp\/material\/2"},"diameter":"26 mm","die_axis":"6 h","weight":"9.50 g","accession":"1883 Sandes","access_year":"1883","access_type":{"ikmk_access_type_id":"1","access_type_name":"Kauf","access_type_nomisma_id":"","access_type_concept_id":"http:\/\/d-nb.info\/gnd\/4128692-3","ndp_uir":"https:\/\/ikmk.smb.museum\/ndp\/accession\/1"},"provenienz_extern":"","acquisition_date":"","avers":{"leg_trans":"Faustina Augusta Antonini Augusti Pii Filia","leg_text":"FAVSTINA AVG ANTONINI AVG PII FIL","image_description":"Drapierte B\u00fcste der Faustina minor mit Haarband in der Brustansicht nach r.","foto_date":"2010-11-03","photographer":{"ikmk_photographer_id":"3","photographer_name":"Dirk Sonnenwald","photographer_gnd":"","photographer_viaf":""},"path_thumbnail":"https:\/\/ikmk.smb.museum\/image\/18204220\/vs_opt.jpg","path_opt":"https:\/\/ikmk.smb.museum\/image\/18204220\/vs_opt.jpg","path_opt_rel":"\/data\/www\/001-ikmk\/mk-edit\/images\/n4\/4322\/vs_opt.jpg","path":"https:\/\/ikmk.smb.museum\/image\/18204220\/vs_org.jpg","path_org":"https:\/\/ikmk.smb.museum\/image\/18204220\/vs_org.jpg","image_timestamp":1643732541,"copyright":{"short":"PDM 1.0","url":"https:\/\/creativecommons.org\/publicdomain\/mark\/1.0\/","de":"Bilddateien sind lizenziert als&nbsp;<a href=\"https:\/\/creativecommons.org\/publicdomain\/mark\/1.0\/deed.de\" target=\"_blank\">Public Domain Mark 1.0<\/a>. Berlin, M\u00fcnzkabinett der Staatlichen Museen, 18204220. Aufnahme durch Dirk Sonnenwald.","en":"Image files are licensed&nbsp;<a href=\"https:\/\/creativecommons.org\/publicdomain\/mark\/1.0\/deed.en\" target=\"_blank\">Public Domain Mark 1.0<\/a>. Berlin, M\u00fcnzkabinett der Staatlichen Museen, 18204220. Photographs by Dirk Sonnenwald."}},"revers":{"leg_trans":"","leg_text":"VE-NVS","image_description":"Venus steht nach r., auf der l. Hand einen Apfel haltend, mit der r. Hand Mantel \u00fcber die Schulter ziehend. Beiderseits S - C.","foto_date":"2010-11-03","photographer":{"ikmk_photographer_id":"3","photographer_name":"Dirk Sonnenwald","photographer_gnd":"","photographer_viaf":""},"path_thumbnail":"https:\/\/ikmk.smb.museum\/image\/18204220\/rs_opt.jpg","path_opt":"https:\/\/ikmk.smb.museum\/image\/18204220\/rs_opt.jpg","path_opt_rel":"\/data\/www\/001-ikmk\/mk-edit\/images\/n4\/4322\/rs_opt.jpg","path":"https:\/\/ikmk.smb.museum\/image\/18204220\/rs_org.jpg","path_org":"https:\/\/ikmk.smb.museum\/image\/18204220\/rs_org.jpg","image_timestamp":1643732541,"copyright":{"short":"PDM 1.0","url":"https:\/\/creativecommons.org\/publicdomain\/mark\/1.0\/","de":"Bilddateien sind lizenziert als&nbsp;<a href=\"https:\/\/creativecommons.org\/publicdomain\/mark\/1.0\/deed.de\" target=\"_blank\">Public Domain Mark 1.0<\/a>. Berlin, M\u00fcnzkabinett der Staatlichen Museen, 18204220. Aufnahme durch Dirk Sonnenwald.","en":"Image files are licensed&nbsp;<a href=\"https:\/\/creativecommons.org\/publicdomain\/mark\/1.0\/deed.en\" target=\"_blank\">Public Domain Mark 1.0<\/a>. Berlin, M\u00fcnzkabinett der Staatlichen Museen, 18204220. Photographs by Dirk Sonnenwald."}},"division":{"ikmk_division_id":"1","division_name_de":"Antike","division_name_en":"Antiquity"},"sub_division":{"ikmk_subdivision_id":"3","subdivision_name_de":"R\u00f6mische Kaiserzeit","subdivision_name_en":"Roman Imperial period"},"literatur":"Vgl. RIC III Nr. 1410 c (dort Rs.-Legende auf F statt FIL endend).","comment":"Annia Galeria Faustina (Minor), geb. ca. 130 n. Chr. als Tochter des sp\u00e4teren Kaisers Antoninus Pius und der Faustina (Maior). Zun\u00e4chst verlobt mit L. Verus, dann jedoch 145 n. Chr. verheiratet mit dem sp\u00e4teren Kaiser Marcus Aurelius. 147 n. Chr. zur Augusta erhoben. Gestorben 176 n. Chr., konsekriert (als Diva Augusta Faustina oder Diva Faustina Pia) und im Mausoleum Hadriani beigesetzt. Unter ihren zahlreichen Kindern ist der sp\u00e4tere Kaiser Commodus (L. Aurelius Commodus). - Venus, die in der M\u00fcnzpr\u00e4gung engen Bezug zu Faustina hat, tr\u00e4gt hier wie auch sonst h\u00e4ufig den von Paris \u00fcberreichten Apfel.","period":{"ikmk_period_id":"4","name_de":"R\u00f6mische Kaiserzeit","name_en":"Roman Imperiod period","description_de":"Die Zeit zwischen dem Ende des Hellenismus mit der Eroberung \u00c4gyptens durch Rom im Jahre 30 v. und dem Regierungsantritt des Diocletianus 284 n. Chr.","description_en":"The period between the end of Hellenism in 30 BC (conquest of Alexandria) and the accession of Diocletianus in AD 284.","concept_id":"http:\/\/vocab.getty.edu\/aat\/300020541","ndp_uri":"https:\/\/ikmk.smb.museum\/ndp\/period\/4"},"year_start":"147","year_end":"161","date_verbal":"147-161 n. Chr.","year_islam":"0","references":[{"ikmk_referenz_id":28,"souce":"RIC III Pius","number":"1410c","similar":"1"}],"manufacturing":[{"ikmk_manufacturing_id":"21","manufacturing_name_de":"gepr\u00e4gt","manufacturing_name_en":"struck","nomisma_id":"http:\/\/nomisma.org\/id\/struck","ndp_uri":"https:\/\/ikmk.smb.museum\/ndp\/manufacture\/21"}],"linked_persons_corporations":{"50":{"ikmk_type_id":"50","type_name_de":"Vorbesitzer","type_name_en":"previous Owner","type_nomisma_id":"","type_concept_id":"http:\/\/d-nb.info\/gnd\/4447273-0","ndp_id":"https:\/\/ikmk.smb.museum\/ndp\/type_for_person_and_corporation\/50","items":{"6164":{"ikmk_person_id":"6164","title_de":"Captain","first_name_de":"Charles","last_name_de":"Sandes","vitalDates":null,"title_en":null,"first_name_en":"Charles","last_name_en":"Sandes","corporation":"0","lod":{"https:\/\/ikmk.smb.museum\/ndp\/person\/6164":"https:\/\/ikmk.smb.museum\/ndp\/person\/6164"},"year_from":"0","year_until":"0"}}},"54":{"ikmk_type_id":"54","type_name_de":"Dargestellte\/r","type_name_en":"Sitter","type_nomisma_id":"http:\/\/nomisma.org\/id\/portrait","type_concept_id":"http:\/\/vocab.getty.edu\/aat\/300189844","ndp_id":"https:\/\/ikmk.smb.museum\/ndp\/type_for_person_and_corporation\/54","items":{"2920":{"ikmk_person_id":"2920","title_de":null,"first_name_de":null,"last_name_de":"Faustina (minor)","vitalDates":null,"title_en":null,"first_name_en":null,"last_name_en":"Faustina minor","corporation":"0","lod":{"https:\/\/d-nb.info\/gnd\/118532111":"https:\/\/d-nb.info\/gnd\/118532111","https:\/\/en.wikipedia.org\/wiki\/Faustina_the_Younger":"https:\/\/en.wikipedia.org\/wiki\/Faustina_the_Younger","https:\/\/nomisma.org\/id\/faustina_ii":"https:\/\/nomisma.org\/id\/faustina_ii","https:\/\/viaf.org\/viaf\/45093958":"https:\/\/viaf.org\/viaf\/45093958","https:\/\/www.britishmuseum.org\/collection\/term\/BIOG140785":"https:\/\/www.britishmuseum.org\/collection\/term\/BIOG140785","https:\/\/www.wikidata.org\/wiki\/Q236936":"https:\/\/www.wikidata.org\/wiki\/Q236936","https:\/\/ikmk.smb.museum\/ndp\/person\/2920":"https:\/\/ikmk.smb.museum\/ndp\/person\/2920"}}}},"57":{"ikmk_type_id":"57","type_name_de":"Autorit\u00e4t","type_name_en":"Authority","type_nomisma_id":"http:\/\/nomisma.org\/id\/authority","type_concept_id":"http:\/\/d-nb.info\/gnd\/1051614252","ndp_id":"https:\/\/ikmk.smb.museum\/ndp\/type_for_person_and_corporation\/57","items":{"336":{"ikmk_person_id":"336","title_de":null,"first_name_de":null,"last_name_de":"Antoninus Pius","vitalDates":"86-161 n. Chr.","title_en":null,"first_name_en":null,"last_name_en":"Antoninus Pius","corporation":"0","lod":{"https:\/\/d-nb.info\/gnd\/118503499":"https:\/\/d-nb.info\/gnd\/118503499","https:\/\/de.wikipedia.org\/wiki\/Antoninus_Pius":"https:\/\/de.wikipedia.org\/wiki\/Antoninus_Pius","https:\/\/en.wikipedia.org\/wiki\/Antoninus_Pius":"https:\/\/en.wikipedia.org\/wiki\/Antoninus_Pius","https:\/\/nomisma.org\/id\/antoninus_pius":"https:\/\/nomisma.org\/id\/antoninus_pius","https:\/\/viaf.org\/viaf\/62833890":"https:\/\/viaf.org\/viaf\/62833890","https:\/\/www.britishmuseum.org\/collection\/term\/BIOG140641":"https:\/\/www.britishmuseum.org\/collection\/term\/BIOG140641","https:\/\/www.wikidata.org\/wiki\/Q1429":"https:\/\/www.wikidata.org\/wiki\/Q1429","https:\/\/ikmk.smb.museum\/ndp\/person\/336":"https:\/\/ikmk.smb.museum\/ndp\/person\/336"}}}},"125":{"ikmk_type_id":"125","type_name_de":"Ver\u00e4u\u00dferer (an Museum)","type_name_en":"Vendor (to Museum)","type_nomisma_id":"","type_concept_id":"http:\/\/d-nb.info\/gnd\/4126928-7","ndp_id":"https:\/\/ikmk.smb.museum\/ndp\/type_for_person_and_corporation\/125","items":{"5562":{"ikmk_person_id":"5562","title_de":null,"first_name_de":"Jean-Henri","last_name_de":"Hoffmann","vitalDates":"1823-30.04.1897","title_en":null,"first_name_en":"Jean-Henri","last_name_en":"Hoffmann","corporation":"0","lod":{"https:\/\/d-nb.info\/gnd\/124663257":"https:\/\/d-nb.info\/gnd\/124663257","https:\/\/data.bnf.fr\/fr\/16584387\/henri_hoffmann":"https:\/\/data.bnf.fr\/fr\/16584387\/henri_hoffmann","https:\/\/viaf.org\/viaf\/32936340":"https:\/\/viaf.org\/viaf\/32936340","https:\/\/www.britishmuseum.org\/collection\/term\/BIOG92604":"https:\/\/www.britishmuseum.org\/collection\/term\/BIOG92604","https:\/\/www.wikidata.org\/wiki\/Q55623797":"https:\/\/www.wikidata.org\/wiki\/Q55623797","https:\/\/ikmk.smb.museum\/ndp\/person\/5562":"https:\/\/ikmk.smb.museum\/ndp\/person\/5562"}}}}},"keywords":[{"ikmk_keyword_id":"1","keyword_de":"Antike","keyword_gnd_uri":"http:\/\/d-nb.info\/gnd\/4068754-5","keyword_concept_uri":"http:\/\/vocab.getty.edu\/aat\/300055818"},{"ikmk_keyword_id":"71","keyword_de":"Bronze \/ Kupfer","keyword_gnd_uri":"http:\/\/d-nb.info\/gnd\/4146667-6","keyword_concept_uri":"http:\/\/www.nomisma.org\/id\/ae"},{"ikmk_keyword_id":"55","keyword_de":"Frauen","keyword_gnd_uri":"http:\/\/d-nb.info\/gnd\/4018202-2","keyword_concept_uri":"http:\/\/vocab.getty.edu\/aat\/300025943"},{"ikmk_keyword_id":"45","keyword_de":"G\u00f6tter","keyword_gnd_uri":"http:\/\/d-nb.info\/gnd\/4021469-2","keyword_concept_uri":"http:\/\/vocab.getty.edu\/aat\/300343850"},{"ikmk_keyword_id":"22","keyword_de":"Italien","keyword_gnd_uri":"http:\/\/d-nb.info\/gnd\/4027833-5","keyword_concept_uri":"http:\/\/vocab.getty.edu\/tgn\/1000080"},{"ikmk_keyword_id":"31","keyword_de":"M\u00fcnzstand: Antike Herrscher","keyword_gnd_uri":"","keyword_concept_uri":""},{"ikmk_keyword_id":"43","keyword_de":"Portr\u00e4ts","keyword_gnd_uri":"http:\/\/d-nb.info\/gnd\/4006627-7","keyword_concept_uri":"http:\/\/vocab.getty.edu\/aat\/300015637"},{"ikmk_keyword_id":"7","keyword_de":"R\u00f6mische Kaiserzeit, 1. Jh. v. Chr.-3. Jh.","keyword_gnd_uri":"http:\/\/d-nb.info\/gnd\/7512142-6","keyword_concept_uri":"http:\/\/vocab.getty.edu\/aat\/300020541"}],"timeline_themes":[{"ikmk_timeline_id":"51","timeline_item":"Das Zeitalter der Adoptivkaiser","description":"Rom erlebte die Zeit seiner gr\u00f6\u00dften territorialen Ausdehnung unter dem Kaiser Traianus (98-117 n. Chr.), der von Nerva (96-98) adoptiert worden war. Traianus adoptierte Hadrianus (117-138), der zusammen mit seinem von ihm adoptierten Nachfolger Antoninus Pius (138-161) die Konsolidierung der Reiches und dessen gr\u00f6\u00dfte Bl\u00fcte gew\u00e4hrleistete. Erst Marcus Aurelius (161-180) wich von dem bew\u00e4hrten System der Adoption wieder ab, als er seinen eigenen Sohn Commodus zum Caesar machte.","year_from":"96","year_until":"180","autor":"Weisser, Bernhard"}],"text_right":{"short":"CC BY-SA 4.0","icon":"https:\/\/licensebuttons.net\/l\/by-sa\/4.0\/80x15.png","url":{"de":"https:\/\/creativecommons.org\/licenses\/by-sa\/4.0\/deed.de","en":"https:\/\/creativecommons.org\/licenses\/by-sa\/4.0\/deed.en"},"label":{"de":"Creative Commons Namensnennung - Weitergabe unter gleichen Bedingungen 4.0 International","en":"Creative Commons Attribution-ShareAlike 4.0 International"},"string":{"de":"Texte und Beschreibungen in diesem Online-Katalog stehen unter einer\u00a0<a href=\"https:\/\/creativecommons.org\/licenses\/by-sa\/4.0\/deed.de\" target=\"_blank\">CC BY-SA 4.0<\/a> Lizenz.","en":"Texts and descriptions of this catalogue are licensed <a href=\"https:\/\/creativecommons.org\/licenses\/by-sa\/4.0\/deed.en\" target=\"_blank\">CC BY-SA 4.0<\/a>."}},"lod_right":{"short":"PDM 1.0","icon":"https:\/\/licensebuttons.net\/p\/zero\/1.0\/80x15.png","url":{"de":"https:\/\/creativecommons.org\/publicdomain\/mark\/1.0\/deed.de","en":"https:\/\/creativecommons.org\/publicdomain\/mark\/1.0\/deed.en"},"label":{"de":"Public Domain Mark 1.0","en":"Public Domain Mark 1.0"},"string":{"de":"Verwendete LOD-Identifikatoren sind <a href=\"https:\/\/creativecommons.org\/publicdomain\/mark\/1.0\/deed.de\" target=\"_blank\">Public Domain Mark 1.0<\/a>\u00a0lizenziert.","en":"LOD ids used are licensed <a href=\"https:\/\/creativecommons.org\/publicdomain\/mark\/1.0\/deed.en\" target=\"_blank\">Public Domain Mark 1.0<\/a>."}},"image_restriction_id":0,"image_restriction":"free","image_right":{"short":"PDM 1.0","icon":"https:\/\/licensebuttons.net\/p\/zero\/1.0\/80x15.png","url":{"de":"https:\/\/creativecommons.org\/publicdomain\/mark\/1.0\/deed.de","en":"https:\/\/creativecommons.org\/publicdomain\/mark\/1.0\/deed.en"},"label":{"de":"Public Domain Mark 1.0","en":"Public Domain Mark 1.0"}}}