{"ikmk_mds_id":"18204394","ikmk_id":"4500","eLearning_completed":"0","primary_source_id":"0","title":"Lucius Verus","inventory_number":"","activated":"yes","item":{"ikmk_item_id":"1","ndp_uri":"https:\/\/ikmk.smb.museum\/ndp\/item\/1","item_de":"M\u00fcnze","item_en":"Coin","item_nomisma":"http:\/\/nomisma.org\/id\/coin"},"permalink":"https:\/\/ikmk.smb.museum\/object?id=18204394","permalink_source":null,"publisher":{"ikmk_publisher_id":13,"ndp_uri":"https:\/\/ikmk.smb.museum\/ndp\/owner\/13","publisher_name":"M\u00fcnzkabinett, Staatliche Museen zu Berlin - Stiftung Preu\u00dfischer Kulturbesitz","publisher_isil":"http:\/\/ld.zdb-services.de\/resource\/organisations\/DE-MUS-814819","publisher_isil_short":"DE-MUS-814819","UID":"http:\/\/ld.zdb-services.de\/resource\/organisations\/DE-MUS-814819\/18204394","legalBodyWeblink":"https:\/\/www.smb.museum\/museen-und-einrichtungen\/muenzkabinett\/home.html","nomisma_address":"http:\/\/nomisma.org\/id\/mk_berlin","author":"Dei\u00dfmann, Marie-Luise"},"owner":{"ikmk_owner_id":"13","owner_name":"Berlin, M\u00fcnzkabinett der Staatlichen Museen","owner_isil":"http:\/\/ld.zdb-services.de\/resource\/organisations\/DE-MUS-814819","owner_isil_short":"DE-MUS-814819","owner_www_address":"https:\/\/ikmk.smb.museum\/","nomisma_address":"http:\/\/nomisma.org\/id\/mk_berlin","ndp_uri":"https:\/\/ikmk.smb.museum\/ndp\/owner\/13","owner_type":{"de":"Eigentum","en":"Property","ikmk_type_id":"2","ndp_uri":"https:\/\/ikmk.smb.museum\/ndp\/status_of_property\/2"}},"ikmk_status_id":"7","status":{"de":"vorhanden","en":"present","ikmk_status_id":"7","ndp_uri":"https:\/\/ikmk.smb.museum\/ndp\/object_status\/7"},"nominal":{"ikmk_nominal_id":"1100","nominal_de":"Sesterz","nominal_en":"Sesterz","nominal_nomisma_id":"http:\/\/nomisma.org\/id\/sestertius","nominal_gnd_id":"http:\/\/d-nb.info\/gnd\/4181084-3","info_de":"Von \u201esemistertius\u201c (dritthalb), also zun\u00e4chst im Wert von 2,5 Assen. \r\nBezeichnet zun\u00e4chst eine Silberm\u00fcnze [siehe dazu unter Sesterz (Silber)].\r\nIm Namen des M. Antonius erstmals als Kupferm\u00fcnze mit den Wertangaben HS und Delta (vier asses) gepr\u00e4gt. Seit der M\u00fcnzreform des Augustus 18 v. Chr. ein Bronzenominal im Wert von 4 Assen oder \u00bc Denar, gepr\u00e4gt wie der Dupondius in Messing ('Orichalcum'). Nach 260 n. Chr. wurde die Pr\u00e4gung eingestellt, selten sind Doppelsesterzen (das Kaiserbild der Vs. tr\u00e4gt hier zur Unterscheidung eine Strahlenkrone anstelle des meist \u00fcblichen Lorbeerkranzes) des Postumus und Traianus Decius, h\u00e4ufig auf \u00e4ltere (einfache) Sesterzen \u00fcberpr\u00e4gt.","info_en":"An Roman denomination with the value of 1\/4 denarius.","ndp_uri":"https:\/\/ikmk.smb.museum\/ndp\/denomination\/1100"},"date_last":"2023-03-14 01:49:51","coin_status":[{"ikmk_coin_status_id":"29","coin_status_name_de":"Antike Herrscherpr\u00e4gung","coin_status_name_en":"Ancient Ruler's issue","coin_status_nomisma_id":"http:\/\/nomisma.org\/id\/ruler","ndp_uri":"https:\/\/ikmk.smb.museum\/ndp\/class_status\/29"}],"mint":[{"ikmk_country_id":"25","country_ndp_url":"https:\/\/ikmk.smb.museum\/ndp\/country\/25","country_name_de":"Italien","country_name_en":"Italy","country_nomisma_id":"http:\/\/nomisma.org\/id\/italian_republic","country_geoname_id":"http:\/\/www.geonames.org\/3175395","ikmk_region_id":"263","region_ndp_uri":"https:\/\/ikmk.smb.museum\/ndp\/region\/263","region_name":"Italia","region_nomisma_id":"http:\/\/nomisma.org\/id\/italy","region_geoname_id":"","ikmk_mint_id":"678","mint_ndp_uri":"https:\/\/ikmk.smb.museum\/ndp\/location\/678","mint_name":"Rom","mint_name_de":"Rom","mint_name_en":"Rome","mint_nomisma_id":"http:\/\/nomisma.org\/id\/rome","mint_geoname_id":"http:\/\/www.geonames.org\/3169070"}],"material":{"ikmk_material_id":"2","material_name_de":"Bronze","material_name_en":"Bronze","material_nomisma_id":"http:\/\/nomisma.org\/id\/ae","ndp_uri":"https:\/\/ikmk.smb.museum\/ndp\/material\/2"},"diameter":"32 mm","die_axis":"12 h","weight":"31.08 g","accession":"1879 Sandes","access_year":"1879","access_type":{"ikmk_access_type_id":"1","access_type_name":"Kauf","access_type_nomisma_id":"","access_type_concept_id":"http:\/\/d-nb.info\/gnd\/4128692-3","ndp_uir":"https:\/\/ikmk.smb.museum\/ndp\/accession\/1"},"provenienz_extern":"","acquisition_date":"","avers":{"leg_trans":"","leg_text":"L VERVS AVG ARM - PARTH MAX","image_description":"Kopf des Lucius Verus mit Lorbeerkranz nach r.","foto_date":"2010-11-03","photographer":{"ikmk_photographer_id":"3","photographer_name":"Dirk Sonnenwald","photographer_gnd":"","photographer_viaf":""},"path_thumbnail":"https:\/\/ikmk.smb.museum\/image\/18204394\/vs_opt.jpg","path_opt":"https:\/\/ikmk.smb.museum\/image\/18204394\/vs_opt.jpg","path_opt_rel":"\/data\/www\/001-ikmk\/mk-edit\/images\/n4\/4500\/vs_opt.jpg","path":"https:\/\/ikmk.smb.museum\/image\/18204394\/vs_org.jpg","path_org":"https:\/\/ikmk.smb.museum\/image\/18204394\/vs_org.jpg","image_timestamp":1643732506,"copyright":{"short":"PDM 1.0","url":"https:\/\/creativecommons.org\/publicdomain\/mark\/1.0\/","de":"Bilddateien sind lizenziert als&nbsp;<a href=\"https:\/\/creativecommons.org\/publicdomain\/mark\/1.0\/deed.de\" target=\"_blank\">Public Domain Mark 1.0<\/a>. Berlin, M\u00fcnzkabinett der Staatlichen Museen, 18204394. Aufnahme durch Dirk Sonnenwald.","en":"Image files are licensed&nbsp;<a href=\"https:\/\/creativecommons.org\/publicdomain\/mark\/1.0\/deed.en\" target=\"_blank\">Public Domain Mark 1.0<\/a>. Berlin, M\u00fcnzkabinett der Staatlichen Museen, 18204394. Photographs by Dirk Sonnenwald."}},"revers":{"leg_trans":"","leg_text":"TR POT VI IMP IIII COS II","image_description":"Victoria mit Palmzweig stehend in der Vorderansicht, Kopf nach r., an Palme Schild mit Aufschrift VIC \/ PAR befestigend. Beiderseits S - C.","foto_date":"2010-11-03","photographer":{"ikmk_photographer_id":"3","photographer_name":"Dirk Sonnenwald","photographer_gnd":"","photographer_viaf":""},"path_thumbnail":"https:\/\/ikmk.smb.museum\/image\/18204394\/rs_opt.jpg","path_opt":"https:\/\/ikmk.smb.museum\/image\/18204394\/rs_opt.jpg","path_opt_rel":"\/data\/www\/001-ikmk\/mk-edit\/images\/n4\/4500\/rs_opt.jpg","path":"https:\/\/ikmk.smb.museum\/image\/18204394\/rs_org.jpg","path_org":"https:\/\/ikmk.smb.museum\/image\/18204394\/rs_org.jpg","image_timestamp":1643732506,"copyright":{"short":"PDM 1.0","url":"https:\/\/creativecommons.org\/publicdomain\/mark\/1.0\/","de":"Bilddateien sind lizenziert als&nbsp;<a href=\"https:\/\/creativecommons.org\/publicdomain\/mark\/1.0\/deed.de\" target=\"_blank\">Public Domain Mark 1.0<\/a>. Berlin, M\u00fcnzkabinett der Staatlichen Museen, 18204394. Aufnahme durch Dirk Sonnenwald.","en":"Image files are licensed&nbsp;<a href=\"https:\/\/creativecommons.org\/publicdomain\/mark\/1.0\/deed.en\" target=\"_blank\">Public Domain Mark 1.0<\/a>. Berlin, M\u00fcnzkabinett der Staatlichen Museen, 18204394. Photographs by Dirk Sonnenwald."}},"division":{"ikmk_division_id":"1","division_name_de":"Antike","division_name_en":"Antiquity"},"sub_division":{"ikmk_subdivision_id":"3","subdivision_name_de":"R\u00f6mische Kaiserzeit","subdivision_name_en":"Roman Imperial period"},"literatur":"RIC III Nr. 1456; Robertson, Hunter II Nr. 101-102.","comment":"L. Ceionius Commodus, seit 136 n. Chr. L. Aelius Commodus. Geb. 130 n. Chr. als Sohn des L. Aelius Caesar und der (?) Avidia Plautia. Im Jahre 138 adoptiert von dem Kaiser Antoninus Pius als L. Aelius Aurelius Commodus. Zun\u00e4chst mit Faustina (Minor) verlobt, dann mit Annia Galeria Lucilla, Tochter des sp\u00e4teren Kaisers Marcus Aurelius (Heirat 163 (?)). 161 n. Chr. Erhebung zum Augustus als Mitregent des Marcus Aurelius. 166 n. Chr. feierte er den Triumph \u00fcber die Parther, wurde mit der B\u00fcrgerkrone (corona civica) geehrt und nahm den Titel Pater Patriae an. Gestorben 169 n. Chr., konsekriert und im Mausoleum Hadriani beigesetzt.","period":{"ikmk_period_id":"4","name_de":"R\u00f6mische Kaiserzeit","name_en":"Roman Imperiod period","description_de":"Die Zeit zwischen dem Ende des Hellenismus mit der Eroberung \u00c4gyptens durch Rom im Jahre 30 v. und dem Regierungsantritt des Diocletianus 284 n. Chr.","description_en":"The period between the end of Hellenism in 30 BC (conquest of Alexandria) and the accession of Diocletianus in AD 284.","concept_id":"http:\/\/vocab.getty.edu\/aat\/300020541","ndp_uri":"https:\/\/ikmk.smb.museum\/ndp\/period\/4"},"year_start":"166","year_end":"166","date_verbal":"166 n. Chr.","year_islam":"0","references":[{"ikmk_referenz_id":29,"souce":"RIC III Aurelius","number":"1456","similar":"0"}],"type_references":{"13403":"http:\/\/numismatics.org\/ocre\/id\/ric.3.m_aur.1456"},"manufacturing":[{"ikmk_manufacturing_id":"21","manufacturing_name_de":"gepr\u00e4gt","manufacturing_name_en":"struck","nomisma_id":"http:\/\/nomisma.org\/id\/struck","ndp_uri":"https:\/\/ikmk.smb.museum\/ndp\/manufacture\/21"}],"linked_persons_corporations":{"50":{"ikmk_type_id":"50","type_name_de":"Vorbesitzer","type_name_en":"previous Owner","type_nomisma_id":"","type_concept_id":"http:\/\/d-nb.info\/gnd\/4447273-0","ndp_id":"https:\/\/ikmk.smb.museum\/ndp\/type_for_person_and_corporation\/50","items":{"6164":{"ikmk_person_id":"6164","title_de":"Captain","first_name_de":"Charles","last_name_de":"Sandes","vitalDates":null,"title_en":null,"first_name_en":"Charles","last_name_en":"Sandes","corporation":"0","lod":{"https:\/\/ikmk.smb.museum\/ndp\/person\/6164":"https:\/\/ikmk.smb.museum\/ndp\/person\/6164"},"year_from":"0","year_until":"0"}}},"54":{"ikmk_type_id":"54","type_name_de":"Dargestellte\/r","type_name_en":"Sitter","type_nomisma_id":"http:\/\/nomisma.org\/id\/portrait","type_concept_id":"http:\/\/vocab.getty.edu\/aat\/300189844","ndp_id":"https:\/\/ikmk.smb.museum\/ndp\/type_for_person_and_corporation\/54","items":{"1083":{"ikmk_person_id":"1083","title_de":null,"first_name_de":null,"last_name_de":"Lucius Verus","vitalDates":"130-169 n. Chr.","title_en":null,"first_name_en":null,"last_name_en":"Lucius Verus","corporation":"0","lod":{"https:\/\/d-nb.info\/gnd\/118643150":"https:\/\/d-nb.info\/gnd\/118643150","https:\/\/de.wikipedia.org\/wiki\/Lucius_Verus":"https:\/\/de.wikipedia.org\/wiki\/Lucius_Verus","https:\/\/en.wikipedia.org\/wiki\/Lucius_Verus":"https:\/\/en.wikipedia.org\/wiki\/Lucius_Verus","https:\/\/nomisma.org\/id\/lucius_verus":"https:\/\/nomisma.org\/id\/lucius_verus","https:\/\/viaf.org\/viaf\/42631348":"https:\/\/viaf.org\/viaf\/42631348","https:\/\/www.britishmuseum.org\/collection\/term\/BIOG140700":"https:\/\/www.britishmuseum.org\/collection\/term\/BIOG140700","https:\/\/www.wikidata.org\/wiki\/Q1433":"https:\/\/www.wikidata.org\/wiki\/Q1433","https:\/\/ikmk.smb.museum\/ndp\/person\/1083":"https:\/\/ikmk.smb.museum\/ndp\/person\/1083"}}}},"57":{"ikmk_type_id":"57","type_name_de":"Autorit\u00e4t","type_name_en":"Authority","type_nomisma_id":"http:\/\/nomisma.org\/id\/authority","type_concept_id":"http:\/\/d-nb.info\/gnd\/1051614252","ndp_id":"https:\/\/ikmk.smb.museum\/ndp\/type_for_person_and_corporation\/57","items":{"1083":{"ikmk_person_id":"1083","title_de":null,"first_name_de":null,"last_name_de":"Lucius Verus","vitalDates":"130-169 n. Chr.","title_en":null,"first_name_en":null,"last_name_en":"Lucius Verus","corporation":"0","lod":{"https:\/\/d-nb.info\/gnd\/118643150":"https:\/\/d-nb.info\/gnd\/118643150","https:\/\/de.wikipedia.org\/wiki\/Lucius_Verus":"https:\/\/de.wikipedia.org\/wiki\/Lucius_Verus","https:\/\/en.wikipedia.org\/wiki\/Lucius_Verus":"https:\/\/en.wikipedia.org\/wiki\/Lucius_Verus","https:\/\/nomisma.org\/id\/lucius_verus":"https:\/\/nomisma.org\/id\/lucius_verus","https:\/\/viaf.org\/viaf\/42631348":"https:\/\/viaf.org\/viaf\/42631348","https:\/\/www.britishmuseum.org\/collection\/term\/BIOG140700":"https:\/\/www.britishmuseum.org\/collection\/term\/BIOG140700","https:\/\/www.wikidata.org\/wiki\/Q1433":"https:\/\/www.wikidata.org\/wiki\/Q1433","https:\/\/ikmk.smb.museum\/ndp\/person\/1083":"https:\/\/ikmk.smb.museum\/ndp\/person\/1083"}}}},"125":{"ikmk_type_id":"125","type_name_de":"Ver\u00e4u\u00dferer (an Museum)","type_name_en":"Vendor (to Museum)","type_nomisma_id":"","type_concept_id":"http:\/\/d-nb.info\/gnd\/4126928-7","ndp_id":"https:\/\/ikmk.smb.museum\/ndp\/type_for_person_and_corporation\/125","items":{"5562":{"ikmk_person_id":"5562","title_de":null,"first_name_de":"Jean-Henri","last_name_de":"Hoffmann","vitalDates":"1823-30.04.1897","title_en":null,"first_name_en":"Jean-Henri","last_name_en":"Hoffmann","corporation":"0","lod":{"https:\/\/d-nb.info\/gnd\/124663257":"https:\/\/d-nb.info\/gnd\/124663257","https:\/\/data.bnf.fr\/fr\/16584387\/henri_hoffmann":"https:\/\/data.bnf.fr\/fr\/16584387\/henri_hoffmann","https:\/\/viaf.org\/viaf\/32936340":"https:\/\/viaf.org\/viaf\/32936340","https:\/\/www.britishmuseum.org\/collection\/term\/BIOG92604":"https:\/\/www.britishmuseum.org\/collection\/term\/BIOG92604","https:\/\/www.wikidata.org\/wiki\/Q55623797":"https:\/\/www.wikidata.org\/wiki\/Q55623797","https:\/\/ikmk.smb.museum\/ndp\/person\/5562":"https:\/\/ikmk.smb.museum\/ndp\/person\/5562"}}}}},"keywords":[{"ikmk_keyword_id":"1","keyword_de":"Antike","keyword_gnd_uri":"http:\/\/d-nb.info\/gnd\/4068754-5","keyword_concept_uri":"http:\/\/vocab.getty.edu\/aat\/300055818"},{"ikmk_keyword_id":"71","keyword_de":"Bronze \/ Kupfer","keyword_gnd_uri":"http:\/\/d-nb.info\/gnd\/4146667-6","keyword_concept_uri":"http:\/\/www.nomisma.org\/id\/ae"},{"ikmk_keyword_id":"42","keyword_de":"Ereignisse","keyword_gnd_uri":"http:\/\/d-nb.info\/gnd\/4160028-9","keyword_concept_uri":"http:\/\/vocab.getty.edu\/aat\/300069084"},{"ikmk_keyword_id":"45","keyword_de":"G\u00f6tter","keyword_gnd_uri":"http:\/\/d-nb.info\/gnd\/4021469-2","keyword_concept_uri":"http:\/\/vocab.getty.edu\/aat\/300343850"},{"ikmk_keyword_id":"22","keyword_de":"Italien","keyword_gnd_uri":"http:\/\/d-nb.info\/gnd\/4027833-5","keyword_concept_uri":"http:\/\/vocab.getty.edu\/tgn\/1000080"},{"ikmk_keyword_id":"31","keyword_de":"M\u00fcnzstand: Antike Herrscher","keyword_gnd_uri":"","keyword_concept_uri":""},{"ikmk_keyword_id":"43","keyword_de":"Portr\u00e4ts","keyword_gnd_uri":"http:\/\/d-nb.info\/gnd\/4006627-7","keyword_concept_uri":"http:\/\/vocab.getty.edu\/aat\/300015637"},{"ikmk_keyword_id":"7","keyword_de":"R\u00f6mische Kaiserzeit, 1. Jh. v. Chr.-3. Jh.","keyword_gnd_uri":"http:\/\/d-nb.info\/gnd\/7512142-6","keyword_concept_uri":"http:\/\/vocab.getty.edu\/aat\/300020541"}],"timeline_themes":[{"ikmk_timeline_id":"51","timeline_item":"Das Zeitalter der Adoptivkaiser","description":"Rom erlebte die Zeit seiner gr\u00f6\u00dften territorialen Ausdehnung unter dem Kaiser Traianus (98-117 n. Chr.), der von Nerva (96-98) adoptiert worden war. Traianus adoptierte Hadrianus (117-138), der zusammen mit seinem von ihm adoptierten Nachfolger Antoninus Pius (138-161) die Konsolidierung der Reiches und dessen gr\u00f6\u00dfte Bl\u00fcte gew\u00e4hrleistete. Erst Marcus Aurelius (161-180) wich von dem bew\u00e4hrten System der Adoption wieder ab, als er seinen eigenen Sohn Commodus zum Caesar machte.","year_from":"96","year_until":"180","autor":"Weisser, Bernhard"}],"text_right":{"short":"CC BY-SA 4.0","icon":"https:\/\/licensebuttons.net\/l\/by-sa\/4.0\/80x15.png","url":{"de":"https:\/\/creativecommons.org\/licenses\/by-sa\/4.0\/deed.de","en":"https:\/\/creativecommons.org\/licenses\/by-sa\/4.0\/deed.en"},"label":{"de":"Creative Commons Namensnennung - Weitergabe unter gleichen Bedingungen 4.0 International","en":"Creative Commons Attribution-ShareAlike 4.0 International"},"string":{"de":"Texte und Beschreibungen in diesem Online-Katalog stehen unter einer\u00a0<a href=\"https:\/\/creativecommons.org\/licenses\/by-sa\/4.0\/deed.de\" target=\"_blank\">CC BY-SA 4.0<\/a> Lizenz.","en":"Texts and descriptions of this catalogue are licensed <a href=\"https:\/\/creativecommons.org\/licenses\/by-sa\/4.0\/deed.en\" target=\"_blank\">CC BY-SA 4.0<\/a>."}},"lod_right":{"short":"PDM 1.0","icon":"https:\/\/licensebuttons.net\/p\/zero\/1.0\/80x15.png","url":{"de":"https:\/\/creativecommons.org\/publicdomain\/mark\/1.0\/deed.de","en":"https:\/\/creativecommons.org\/publicdomain\/mark\/1.0\/deed.en"},"label":{"de":"Public Domain Mark 1.0","en":"Public Domain Mark 1.0"},"string":{"de":"Verwendete LOD-Identifikatoren sind <a href=\"https:\/\/creativecommons.org\/publicdomain\/mark\/1.0\/deed.de\" target=\"_blank\">Public Domain Mark 1.0<\/a>\u00a0lizenziert.","en":"LOD ids used are licensed <a href=\"https:\/\/creativecommons.org\/publicdomain\/mark\/1.0\/deed.en\" target=\"_blank\">Public Domain Mark 1.0<\/a>."}},"image_restriction_id":0,"image_restriction":"free","image_right":{"short":"PDM 1.0","icon":"https:\/\/licensebuttons.net\/p\/zero\/1.0\/80x15.png","url":{"de":"https:\/\/creativecommons.org\/publicdomain\/mark\/1.0\/deed.de","en":"https:\/\/creativecommons.org\/publicdomain\/mark\/1.0\/deed.en"},"label":{"de":"Public Domain Mark 1.0","en":"Public Domain Mark 1.0"}}}