{"ikmk_mds_id":"18214680","ikmk_id":"14763","eLearning_completed":"0","primary_source_id":"0","title":"Preu\u00dfen: Wilhelm I.","inventory_number":"","activated":"yes","item":{"ikmk_item_id":"1","ndp_uri":"https:\/\/ikmk.smb.museum\/ndp\/item\/1","item_de":"M\u00fcnze","item_en":"Coin","item_nomisma":"http:\/\/nomisma.org\/id\/coin"},"permalink":"https:\/\/ikmk.smb.museum\/object?id=18214680","permalink_source":null,"publisher":{"ikmk_publisher_id":13,"ndp_uri":"https:\/\/ikmk.smb.museum\/ndp\/owner\/13","publisher_name":"M\u00fcnzkabinett, Staatliche Museen zu Berlin - Stiftung Preu\u00dfischer Kulturbesitz","publisher_isil":"http:\/\/ld.zdb-services.de\/resource\/organisations\/DE-MUS-814819","publisher_isil_short":"DE-MUS-814819","UID":"http:\/\/ld.zdb-services.de\/resource\/organisations\/DE-MUS-814819\/18214680","legalBodyWeblink":"https:\/\/www.smb.museum\/museen-und-einrichtungen\/muenzkabinett\/home.html","nomisma_address":"http:\/\/nomisma.org\/id\/mk_berlin","author":"Dahmen, Karsten; Kluge, Bernd"},"owner":{"ikmk_owner_id":"13","owner_name":"Berlin, M\u00fcnzkabinett der Staatlichen Museen","owner_isil":"http:\/\/ld.zdb-services.de\/resource\/organisations\/DE-MUS-814819","owner_isil_short":"DE-MUS-814819","owner_www_address":"https:\/\/ikmk.smb.museum\/","nomisma_address":"http:\/\/nomisma.org\/id\/mk_berlin","ndp_uri":"https:\/\/ikmk.smb.museum\/ndp\/owner\/13","owner_type":{"de":"Eigentum","en":"Property","ikmk_type_id":"2","ndp_uri":"https:\/\/ikmk.smb.museum\/ndp\/status_of_property\/2"}},"ikmk_status_id":"7","status":{"de":"vorhanden","en":"present","ikmk_status_id":"7","ndp_uri":"https:\/\/ikmk.smb.museum\/ndp\/object_status\/7"},"nominal":{"ikmk_nominal_id":"1135","nominal_de":"Taler","nominal_en":"Taler","nominal_nomisma_id":"http:\/\/nomisma.org\/id\/taler","nominal_gnd_id":"http:\/\/d-nb.info\/gnd\/4184382-4","info_de":"Die europ\u00e4ische Gro\u00dfsilberm\u00fcnze im Wert eines Goldguldens (florin). Sie hat ihren Ursprung in einer seit 1486 in der Tiroler M\u00fcnzst\u00e4tte Hall gepr\u00e4gten Silberm\u00fcnze, die anfangs Guldiner, Guldengroschen und sp\u00e4ter auch Guldentaler genannt wurde. Der Erfolg dieser neuen M\u00fcnzform, insbesondere jener im b\u00f6hmischen Joachimthal (J\u00e1chymov in der Tschechischen Republik) gepr\u00e4gten der Grafen von Schlick, schuf den Rufnamen Joachimthaler, kurz Taler, und damit die neue Bezeichnung dieser M\u00fcnzsorte. In anderen L\u00e4ndern liefen bald \u00e4hnliche Gro\u00dfsilbernominale u.a. unter den Namen Crown, Daalder und Tallero um.\r\nDiese id dient als generische Bezeichnung der verschiedenen Talerm\u00fcnzen. Weitere Einzelkonzepte mit entsprechender Beschreibung und Definition sind unter den jeweiligen Einzelbezeichnungen zu finden.\r\n\r\nLit.: F. von Schr\u00f6tter, W\u00f6rterbuch der M\u00fcnzkunde (1930) s.v. Taler 676 f.","info_en":"The Guldengroschen (Guldiner) issued by the counts of Schlick in Joachimsthal (J\u00e1chimov) were quickly labelled Joachimstaler (Joachimsthaler) or simply Taler (Thaler), hence introducing this term as a name for the now highly popular huge silver denomination equivalent to the gold gulden (florin). This id serves to identify all similar coins (within mainly the German speaking world) issued during the following centuries. For specific types of Talers and foreign currency based on the Taler see designated ids and their definitions.\r\nLit.: F. von Schr\u00f6tter, W\u00f6rterbuch der M\u00fcnzkunde (1930) s.v. Taler pp. 676-677.","ndp_uri":"https:\/\/ikmk.smb.museum\/ndp\/denomination\/1135"},"patronage":"Anonymus","date_last":"2023-08-21 15:57:26","coin_status":[{"ikmk_coin_status_id":"36","coin_status_name_de":"K\u00f6nigtum (MA\/NZ)","coin_status_name_en":"Kingdom (medieval\/modern)","coin_status_nomisma_id":"http:\/\/nomisma.org\/id\/king","ndp_uri":"https:\/\/ikmk.smb.museum\/ndp\/class_status\/36"}],"mint":[{"ikmk_country_id":"19","country_ndp_url":"https:\/\/ikmk.smb.museum\/ndp\/country\/19","country_name_de":"Deutschland","country_name_en":"Germany","country_nomisma_id":"http:\/\/nomisma.org\/id\/bundesrepublik_deutschland","country_geoname_id":"http:\/\/www.geonames.org\/2921044","ikmk_region_id":"58","region_ndp_uri":"https:\/\/ikmk.smb.museum\/ndp\/region\/58","region_name":"Brandenburg","region_nomisma_id":"","region_geoname_id":"http:\/\/www.geonames.org\/2945356","ikmk_mint_id":"104","mint_ndp_uri":"https:\/\/ikmk.smb.museum\/ndp\/location\/104","mint_name":"Berlin","mint_name_de":"Berlin","mint_name_en":null,"mint_nomisma_id":"http:\/\/nomisma.org\/id\/berlin","mint_geoname_id":"http:\/\/www.geonames.org\/2950159"}],"material":{"ikmk_material_id":"1","material_name_de":"Silber","material_name_en":"Silver","material_nomisma_id":"http:\/\/nomisma.org\/id\/ar","ndp_uri":"https:\/\/ikmk.smb.museum\/ndp\/material\/1"},"diameter":"33 mm","die_axis":"12 h","weight":"18.50 g","accession":"Ohne Nummer","access_year":"","access_type":{"ikmk_access_type_id":"6","access_type_name":"Zugang ungekl\u00e4rt","access_type_nomisma_id":"","access_type_concept_id":"","ndp_uir":"https:\/\/ikmk.smb.museum\/ndp\/accession\/6"},"provenienz_extern":"","acquisition_date":"","avers":{"leg_trans":"","leg_text":"WILHELM KOENIG VON PREUSSEN","image_description":"Kopf Wilhelm I. nach rechts.","foto_date":"2005-10-10","photographer":{"ikmk_photographer_id":"4","photographer_name":"Lutz-J\u00fcrgen L\u00fcbke (L\u00fcbke und Wiedemann)","photographer_gnd":"","photographer_viaf":""},"path_thumbnail":"https:\/\/ikmk.smb.museum\/image\/18214680\/vs_opt.jpg","path_opt":"https:\/\/ikmk.smb.museum\/image\/18214680\/vs_opt.jpg","path_opt_rel":"\/data\/www\/001-ikmk\/mk-edit\/images\/n14\/14763\/vs_opt.jpg","path":"https:\/\/ikmk.smb.museum\/image\/18214680\/vs_org.jpg","path_org":"https:\/\/ikmk.smb.museum\/image\/18214680\/vs_org.jpg","image_timestamp":1643735280,"copyright":{"short":"PDM 1.0","url":"https:\/\/creativecommons.org\/publicdomain\/mark\/1.0\/","de":"Bilddateien sind lizenziert als&nbsp;<a href=\"https:\/\/creativecommons.org\/publicdomain\/mark\/1.0\/deed.de\" target=\"_blank\">Public Domain Mark 1.0<\/a>. Berlin, M\u00fcnzkabinett der Staatlichen Museen, 18214680. Aufnahme durch Lutz-J\u00fcrgen L\u00fcbke (L\u00fcbke und Wiedemann).","en":"Image files are licensed&nbsp;<a href=\"https:\/\/creativecommons.org\/publicdomain\/mark\/1.0\/deed.en\" target=\"_blank\">Public Domain Mark 1.0<\/a>. Berlin, M\u00fcnzkabinett der Staatlichen Museen, 18214680. Photographs by Lutz-J\u00fcrgen L\u00fcbke (L\u00fcbke und Wiedemann)."}},"revers":{"leg_trans":"","leg_text":"SIEGES-THALER \/\/ 1871","image_description":"Thronende Borussia mit Krone, Schild und aufgest\u00fctztem Schwert.","foto_date":"2005-10-10","photographer":{"ikmk_photographer_id":"4","photographer_name":"Lutz-J\u00fcrgen L\u00fcbke (L\u00fcbke und Wiedemann)","photographer_gnd":"","photographer_viaf":""},"path_thumbnail":"https:\/\/ikmk.smb.museum\/image\/18214680\/rs_opt.jpg","path_opt":"https:\/\/ikmk.smb.museum\/image\/18214680\/rs_opt.jpg","path_opt_rel":"\/data\/www\/001-ikmk\/mk-edit\/images\/n14\/14763\/rs_opt.jpg","path":"https:\/\/ikmk.smb.museum\/image\/18214680\/rs_org.jpg","path_org":"https:\/\/ikmk.smb.museum\/image\/18214680\/rs_org.jpg","image_timestamp":1643735280,"copyright":{"short":"PDM 1.0","url":"https:\/\/creativecommons.org\/publicdomain\/mark\/1.0\/","de":"Bilddateien sind lizenziert als&nbsp;<a href=\"https:\/\/creativecommons.org\/publicdomain\/mark\/1.0\/deed.de\" target=\"_blank\">Public Domain Mark 1.0<\/a>. Berlin, M\u00fcnzkabinett der Staatlichen Museen, 18214680. Aufnahme durch Lutz-J\u00fcrgen L\u00fcbke (L\u00fcbke und Wiedemann).","en":"Image files are licensed&nbsp;<a href=\"https:\/\/creativecommons.org\/publicdomain\/mark\/1.0\/deed.en\" target=\"_blank\">Public Domain Mark 1.0<\/a>. Berlin, M\u00fcnzkabinett der Staatlichen Museen, 18214680. Photographs by Lutz-J\u00fcrgen L\u00fcbke (L\u00fcbke und Wiedemann)."}},"edge":"GOTT MIT UNS","division":{"ikmk_division_id":"3","division_name_de":"Neuzeit","division_name_en":"Modern Period"},"sub_division":{"ikmk_subdivision_id":"26","subdivision_name_de":"19. Jh.","subdivision_name_en":"19th century"},"literatur":"F. Freiherr von Schr\u00f6tter, Das Preussische M\u00fcnzwesen 1806 bis 1873, Beschreibender Teil (1925) 59 Nr. 61; P. Arnold - H. K\u00fcthmann - D. Steinhilber, Grosser deutscher M\u00fcnzkatalog von 1800 bis heute. 19. Auflage (2003) Nr. 118; W. Steguweit - B. Kluge, Suum cuique. Medaillenkunst und M\u00fcnzpr\u00e4gung in Brandenburg-Preu\u00dfen (2008) Nr. 241 (dieses St\u00fcck).","comment":"Auf den Sieg \u00fcber Frankreich im Franz\u00f6sisch-Deutschen Krieg 1870\/71.","period":{"ikmk_period_id":"20","name_de":"19. Jahrhundert","name_en":"19th century","description_de":"1800-1900.","description_en":"1800-1900.","concept_id":"http:\/\/vocab.getty.edu\/aat\/300404513","ndp_uri":"https:\/\/ikmk.smb.museum\/ndp\/period\/20"},"year_start":"1871","year_end":"1871","date_verbal":"1871","year_islam":"0","references":[{"ikmk_referenz_id":196,"souce":"Schr\u00f6tter Wilhelm I.","number":"061","similar":"0"}],"manufacturing":[{"ikmk_manufacturing_id":"21","manufacturing_name_de":"gepr\u00e4gt","manufacturing_name_en":"struck","nomisma_id":"http:\/\/nomisma.org\/id\/struck","ndp_uri":"https:\/\/ikmk.smb.museum\/ndp\/manufacture\/21"}],"linked_persons_corporations":{"54":{"ikmk_type_id":"54","type_name_de":"Dargestellte\/r","type_name_en":"Sitter","type_nomisma_id":"http:\/\/nomisma.org\/id\/portrait","type_concept_id":"http:\/\/vocab.getty.edu\/aat\/300189844","ndp_id":"https:\/\/ikmk.smb.museum\/ndp\/type_for_person_and_corporation\/54","items":{"1517":{"ikmk_person_id":"1517","title_de":null,"first_name_de":null,"last_name_de":"Wilhelm I. (1861-1888), K\u00f6nig von Preu\u00dfen, seit 1871 deutscher Kaiser","vitalDates":"22.03.1797 - 09.03.1888","title_en":null,"first_name_en":null,"last_name_en":"Wilhelm I (1861-1888), king of Prussia, from 1871 German emperor","corporation":"0","lod":{"https:\/\/d-nb.info\/gnd\/118632884":"https:\/\/d-nb.info\/gnd\/118632884","https:\/\/de.wikipedia.org\/wiki\/Wilhelm_I._(Deutsches_Reich)":"https:\/\/de.wikipedia.org\/wiki\/Wilhelm_I._(Deutsches_Reich)","https:\/\/en.wikipedia.org\/wiki\/William_I,_German_Emperor":"https:\/\/en.wikipedia.org\/wiki\/William_I,_German_Emperor","https:\/\/viaf.org\/viaf\/43148190":"https:\/\/viaf.org\/viaf\/43148190","https:\/\/www.britishmuseum.org\/collection\/term\/BIOG117527":"https:\/\/www.britishmuseum.org\/collection\/term\/BIOG117527","https:\/\/www.wikidata.org\/wiki\/Q150652":"https:\/\/www.wikidata.org\/wiki\/Q150652","https:\/\/ikmk.smb.museum\/ndp\/person\/1517":"https:\/\/ikmk.smb.museum\/ndp\/person\/1517"}}}},"57":{"ikmk_type_id":"57","type_name_de":"Autorit\u00e4t","type_name_en":"Authority","type_nomisma_id":"http:\/\/nomisma.org\/id\/authority","type_concept_id":"http:\/\/d-nb.info\/gnd\/1051614252","ndp_id":"https:\/\/ikmk.smb.museum\/ndp\/type_for_person_and_corporation\/57","items":{"1517":{"ikmk_person_id":"1517","title_de":null,"first_name_de":null,"last_name_de":"Wilhelm I. (1861-1888), K\u00f6nig von Preu\u00dfen, seit 1871 deutscher Kaiser","vitalDates":"22.03.1797 - 09.03.1888","title_en":null,"first_name_en":null,"last_name_en":"Wilhelm I (1861-1888), king of Prussia, from 1871 German emperor","corporation":"0","lod":{"https:\/\/d-nb.info\/gnd\/118632884":"https:\/\/d-nb.info\/gnd\/118632884","https:\/\/de.wikipedia.org\/wiki\/Wilhelm_I._(Deutsches_Reich)":"https:\/\/de.wikipedia.org\/wiki\/Wilhelm_I._(Deutsches_Reich)","https:\/\/en.wikipedia.org\/wiki\/William_I,_German_Emperor":"https:\/\/en.wikipedia.org\/wiki\/William_I,_German_Emperor","https:\/\/viaf.org\/viaf\/43148190":"https:\/\/viaf.org\/viaf\/43148190","https:\/\/www.britishmuseum.org\/collection\/term\/BIOG117527":"https:\/\/www.britishmuseum.org\/collection\/term\/BIOG117527","https:\/\/www.wikidata.org\/wiki\/Q150652":"https:\/\/www.wikidata.org\/wiki\/Q150652","https:\/\/ikmk.smb.museum\/ndp\/person\/1517":"https:\/\/ikmk.smb.museum\/ndp\/person\/1517"}}}},"64":{"ikmk_type_id":"64","type_name_de":"Stempelschneider","type_name_en":"Die-cutter","type_nomisma_id":"http:\/\/nomisma.org\/id\/engraver","type_concept_id":"http:\/\/vocab.getty.edu\/aat\/300386299","ndp_id":"https:\/\/ikmk.smb.museum\/ndp\/type_for_person_and_corporation\/64","items":{"2979":{"ikmk_person_id":"2979","title_de":null,"first_name_de":"Emil","last_name_de":"Weigand","vitalDates":"20.11.1837 Berlin - 25.03.1906 Berlin","title_en":null,"first_name_en":"Emil","last_name_en":"Weigand","corporation":"0","lod":{"https:\/\/d-nb.info\/gnd\/118890409":"https:\/\/d-nb.info\/gnd\/118890409","https:\/\/de.wikipedia.org\/wiki\/Emil_Weigand":"https:\/\/de.wikipedia.org\/wiki\/Emil_Weigand","https:\/\/viaf.org\/viaf\/50023763":"https:\/\/viaf.org\/viaf\/50023763","https:\/\/www.wikidata.org\/wiki\/Q19279110":"https:\/\/www.wikidata.org\/wiki\/Q19279110","https:\/\/ikmk.smb.museum\/ndp\/person\/2979":"https:\/\/ikmk.smb.museum\/ndp\/person\/2979"}},"2936":{"ikmk_person_id":"2936","title_de":null,"first_name_de":"Friedrich Wilhelm","last_name_de":"Kullrich","vitalDates":"18.12.1821 Dahme\/Mark - 01.09.1887 Berlin","title_en":null,"first_name_en":"Friedrich Wilhelm","last_name_en":"Kullrich","corporation":"0","lod":{"https:\/\/d-nb.info\/gnd\/118817884":"https:\/\/d-nb.info\/gnd\/118817884","https:\/\/de.wikipedia.org\/wiki\/Friedrich_Wilhelm_Kullrich":"https:\/\/de.wikipedia.org\/wiki\/Friedrich_Wilhelm_Kullrich","https:\/\/mmlo.de\/26620":"https:\/\/mmlo.de\/26620","https:\/\/viaf.org\/viaf\/57411372":"https:\/\/viaf.org\/viaf\/57411372","https:\/\/www.britishmuseum.org\/collection\/term\/BIOG110834":"https:\/\/www.britishmuseum.org\/collection\/term\/BIOG110834","https:\/\/www.wikidata.org\/wiki\/Q1463084":"https:\/\/www.wikidata.org\/wiki\/Q1463084","https:\/\/ikmk.smb.museum\/ndp\/person\/2936":"https:\/\/ikmk.smb.museum\/ndp\/person\/2936"}}}}},"keywords":[{"ikmk_keyword_id":"13","keyword_de":"19. Jh.","keyword_gnd_uri":"","keyword_concept_uri":"http:\/\/vocab.getty.edu\/aat\/300404513"},{"ikmk_keyword_id":"17","keyword_de":"Brandenburg-Preussen (-1918)","keyword_gnd_uri":"http:\/\/d-nb.info\/gnd\/4047194-9","keyword_concept_uri":""},{"ikmk_keyword_id":"18","keyword_de":"Deutschland","keyword_gnd_uri":"http:\/\/d-nb.info\/gnd\/4011882-4","keyword_concept_uri":"http:\/\/vocab.getty.edu\/tgn\/7000084"},{"ikmk_keyword_id":"33","keyword_de":"K\u00f6nige (MA&NZ)","keyword_gnd_uri":"http:\/\/d-nb.info\/gnd\/4031516-2","keyword_concept_uri":""},{"ikmk_keyword_id":"57","keyword_de":"Krieg","keyword_gnd_uri":"http:\/\/d-nb.info\/gnd\/4033114-3","keyword_concept_uri":""},{"ikmk_keyword_id":"3","keyword_de":"Neuzeit","keyword_gnd_uri":"http:\/\/d-nb.info\/gnd\/4171678-4","keyword_concept_uri":""},{"ikmk_keyword_id":"48","keyword_de":"Personifikationen","keyword_gnd_uri":"http:\/\/d-nb.info\/gnd\/4137737-0","keyword_concept_uri":"http:\/\/vocab.getty.edu\/aat\/300055905"},{"ikmk_keyword_id":"43","keyword_de":"Portr\u00e4ts","keyword_gnd_uri":"http:\/\/d-nb.info\/gnd\/4006627-7","keyword_concept_uri":"http:\/\/vocab.getty.edu\/aat\/300015637"},{"ikmk_keyword_id":"69","keyword_de":"Silber","keyword_gnd_uri":"http:\/\/d-nb.info\/gnd\/4133759-1","keyword_concept_uri":"http:\/\/www.nomisma.org\/id\/ar"}],"timeline_themes":[{"ikmk_timeline_id":"56","timeline_item":"Deutschland. Gedenkm\u00fcnzen 20.-21. Jh.","description":"Bei den Gedenkm\u00fcnzen im 19. und beginnenden 20. Jh. dominierten die auf Herrscherh\u00e4user bezogenen Anl\u00e4sse, in der Weimarer Republik dagegen die auf technische Errungenschaften, bedeutende Pers\u00f6nlichkeiten, Geschichtsereignisse sowie St\u00e4dtejubil\u00e4en. Die beiden Republiken des geteilten Deutschlands setzten nach 1949 die Tradition der Weimarer Republik fort und lie\u00dfen durch renommierte K\u00fcnstler Entw\u00fcrfe zu ausgew\u00e4hlten Themen anfertigen, die als Pr\u00e4gungen umgesetzt einen gro\u00dfen Kreis von Sammlern in Ost und West ansprachen. Die Gedenkm\u00fcnzenemissionen des seit 1990 vereinigten Deutschland verfolgen diesen Weg weiter. Seit der 2. H\u00e4lfte des 20. Jh. haben die Gedenkm\u00fcnzen keinerlei Bedeutung mehr als Zahlungsmittel im Geldverkehr.","year_from":"1901","year_until":"2024","autor":"Bannicke, Elke"}],"text_right":{"short":"CC BY-SA 4.0","icon":"https:\/\/licensebuttons.net\/l\/by-sa\/4.0\/80x15.png","url":{"de":"https:\/\/creativecommons.org\/licenses\/by-sa\/4.0\/deed.de","en":"https:\/\/creativecommons.org\/licenses\/by-sa\/4.0\/deed.en"},"label":{"de":"Creative Commons Namensnennung - Weitergabe unter gleichen Bedingungen 4.0 International","en":"Creative Commons Attribution-ShareAlike 4.0 International"},"string":{"de":"Texte und Beschreibungen in diesem Online-Katalog stehen unter einer\u00a0<a href=\"https:\/\/creativecommons.org\/licenses\/by-sa\/4.0\/deed.de\" target=\"_blank\">CC BY-SA 4.0<\/a> Lizenz.","en":"Texts and descriptions of this catalogue are licensed <a href=\"https:\/\/creativecommons.org\/licenses\/by-sa\/4.0\/deed.en\" target=\"_blank\">CC BY-SA 4.0<\/a>."}},"lod_right":{"short":"PDM 1.0","icon":"https:\/\/licensebuttons.net\/p\/zero\/1.0\/80x15.png","url":{"de":"https:\/\/creativecommons.org\/publicdomain\/mark\/1.0\/deed.de","en":"https:\/\/creativecommons.org\/publicdomain\/mark\/1.0\/deed.en"},"label":{"de":"Public Domain Mark 1.0","en":"Public Domain Mark 1.0"},"string":{"de":"Verwendete LOD-Identifikatoren sind <a href=\"https:\/\/creativecommons.org\/publicdomain\/mark\/1.0\/deed.de\" target=\"_blank\">Public Domain Mark 1.0<\/a>\u00a0lizenziert.","en":"LOD ids used are licensed <a href=\"https:\/\/creativecommons.org\/publicdomain\/mark\/1.0\/deed.en\" target=\"_blank\">Public Domain Mark 1.0<\/a>."}},"image_restriction_id":0,"image_restriction":"free","image_right":{"short":"PDM 1.0","icon":"https:\/\/licensebuttons.net\/p\/zero\/1.0\/80x15.png","url":{"de":"https:\/\/creativecommons.org\/publicdomain\/mark\/1.0\/deed.de","en":"https:\/\/creativecommons.org\/publicdomain\/mark\/1.0\/deed.en"},"label":{"de":"Public Domain Mark 1.0","en":"Public Domain Mark 1.0"}}}