{"ikmk_mds_id":"18217442","ikmk_id":"17442","eLearning_completed":"0","primary_source_id":"0","title":"Weidanz, Gustav: Preismedaille 1912","inventory_number":"","activated":"yes","item":{"ikmk_item_id":"3","ndp_uri":"https:\/\/ikmk.smb.museum\/ndp\/item\/3","item_de":"Medaille","item_en":"Medal","item_nomisma":"http:\/\/nomisma.org\/id\/medal"},"permalink":"https:\/\/ikmk.smb.museum\/object?id=18217442","permalink_source":null,"publisher":{"ikmk_publisher_id":13,"ndp_uri":"https:\/\/ikmk.smb.museum\/ndp\/owner\/13","publisher_name":"M\u00fcnzkabinett, Staatliche Museen zu Berlin - Stiftung Preu\u00dfischer Kulturbesitz","publisher_isil":"http:\/\/ld.zdb-services.de\/resource\/organisations\/DE-MUS-814819","publisher_isil_short":"DE-MUS-814819","UID":"http:\/\/ld.zdb-services.de\/resource\/organisations\/DE-MUS-814819\/18217442","legalBodyWeblink":"https:\/\/www.smb.museum\/museen-und-einrichtungen\/muenzkabinett\/home.html","nomisma_address":"http:\/\/nomisma.org\/id\/mk_berlin","author":"Vogel, Renate; Steguweit, Wolfgang"},"owner":{"ikmk_owner_id":"13","owner_name":"Berlin, M\u00fcnzkabinett der Staatlichen Museen","owner_isil":"http:\/\/ld.zdb-services.de\/resource\/organisations\/DE-MUS-814819","owner_isil_short":"DE-MUS-814819","owner_www_address":"https:\/\/ikmk.smb.museum\/","nomisma_address":"http:\/\/nomisma.org\/id\/mk_berlin","ndp_uri":"https:\/\/ikmk.smb.museum\/ndp\/owner\/13","owner_type":{"de":"Eigentum","en":"Property","ikmk_type_id":"2","ndp_uri":"https:\/\/ikmk.smb.museum\/ndp\/status_of_property\/2"}},"ikmk_status_id":"7","status":{"de":"vorhanden","en":"present","ikmk_status_id":"7","ndp_uri":"https:\/\/ikmk.smb.museum\/ndp\/object_status\/7"},"date_last":"2023-03-14 01:49:51","coin_status":[{"ikmk_coin_status_id":"48","coin_status_name_de":"Privatausgabe","coin_status_name_en":"Private issue","coin_status_nomisma_id":""}],"mint":[{"ikmk_country_id":"19","country_ndp_url":"https:\/\/ikmk.smb.museum\/ndp\/country\/19","country_name_de":"Deutschland","country_name_en":"Germany","country_nomisma_id":"http:\/\/nomisma.org\/id\/bundesrepublik_deutschland","country_geoname_id":"http:\/\/www.geonames.org\/2921044","ikmk_region_id":"58","region_ndp_uri":"https:\/\/ikmk.smb.museum\/ndp\/region\/58","region_name":"Brandenburg","region_nomisma_id":"","region_geoname_id":"http:\/\/www.geonames.org\/2945356","ikmk_mint_id":"104","mint_ndp_uri":"https:\/\/ikmk.smb.museum\/ndp\/location\/104","mint_name":"Berlin","mint_name_de":"Berlin","mint_name_en":null,"mint_nomisma_id":"http:\/\/nomisma.org\/id\/berlin","mint_geoname_id":"http:\/\/www.geonames.org\/2950159"}],"material":{"ikmk_material_id":"2","material_name_de":"Bronze","material_name_en":"Bronze","material_nomisma_id":"http:\/\/nomisma.org\/id\/ae","ndp_uri":"https:\/\/ikmk.smb.museum\/ndp\/material\/2"},"diameter":"72 mm","weight":"0.00 g","accession":"1995\/118-119","access_year":"1995","access_type":{"ikmk_access_type_id":"3","access_type_name":"Schenkung","access_type_nomisma_id":"","access_type_concept_id":"http:\/\/d-nb.info\/gnd\/4052258-1","ndp_uir":"https:\/\/ikmk.smb.museum\/ndp\/accession\/3"},"provenienz_extern":"","acquisition_date":"","avers":{"leg_trans":"","leg_text":"","image_description":"Liegender weiblicher R\u00fcckenakt, mit dem Oberk\u00f6rper an einen Hocker gelehnt, in der erhobenen linken Hand einen Kelch (?) haltend.","foto_date":"2005-10-12","photographer":{"ikmk_photographer_id":"4","photographer_name":"Lutz-J\u00fcrgen L\u00fcbke (L\u00fcbke und Wiedemann)","photographer_gnd":"","photographer_viaf":""},"path_thumbnail":"https:\/\/ikmk.smb.museum\/layout\/sperre300.jpg","path_opt":"https:\/\/ikmk.smb.museum\/layout\/sperre300.jpg","path_opt_rel":"\/data\/www\/001-ikmk\/mk-edit\/images\/n17\/17442\/vs_opt.jpg","path":"https:\/\/ikmk.smb.museum\/layout\/sperre300.jpg","path_org":"https:\/\/ikmk.smb.museum\/layout\/sperre300.jpg","image_timestamp":1643744724,"copyright":{"short":"none","de":"Aus urheberrechtlichen Gr\u00fcnden ist dem M\u00fcnzkabinett die Ausgabe der Bildansichten leider nicht erlaubt. Berlin, M\u00fcnzkabinett der Staatlichen Museen, 18217442. Aufnahme durch Lutz-J\u00fcrgen L\u00fcbke (L\u00fcbke und Wiedemann). Medailleur\/in: Prof. Gustav Weidanz.","en":"Because of Copyright regulations we are unfortunately prohibited from showing images of this object. Berlin, M\u00fcnzkabinett der Staatlichen Museen, 18217442. Photographs by Lutz-J\u00fcrgen L\u00fcbke (L\u00fcbke und Wiedemann). Medalist: Prof. Gustav Weidanz."}},"revers":{"leg_trans":"","leg_text":"VNTERRICHTS\/ANSTALT DES KGL \/ KVNSTGEWERBE\/MVSEVMS BERLIN \/ 1912","image_description":"F\u00fcnfzeilige Zweckaufschrift, darunter ein Schriftband. Ganz unten die Signatur G. W.","foto_date":"2005-10-12","photographer":{"ikmk_photographer_id":"4","photographer_name":"Lutz-J\u00fcrgen L\u00fcbke (L\u00fcbke und Wiedemann)","photographer_gnd":"","photographer_viaf":""},"path_thumbnail":"https:\/\/ikmk.smb.museum\/layout\/sperre300.jpg","path_opt":"https:\/\/ikmk.smb.museum\/layout\/sperre300.jpg","path_opt_rel":"\/data\/www\/001-ikmk\/mk-edit\/images\/n17\/17442\/rs_opt.jpg","path":"https:\/\/ikmk.smb.museum\/layout\/sperre300.jpg","path_org":"https:\/\/ikmk.smb.museum\/layout\/sperre300.jpg","image_timestamp":1643744724,"copyright":{"short":"none","de":"Aus urheberrechtlichen Gr\u00fcnden ist dem M\u00fcnzkabinett die Ausgabe der Bildansichten leider nicht erlaubt. Berlin, M\u00fcnzkabinett der Staatlichen Museen, 18217442. Aufnahme durch Lutz-J\u00fcrgen L\u00fcbke (L\u00fcbke und Wiedemann). Medailleur\/in: Prof. Gustav Weidanz.","en":"Because of Copyright regulations we are unfortunately prohibited from showing images of this object. Berlin, M\u00fcnzkabinett der Staatlichen Museen, 18217442. Photographs by Lutz-J\u00fcrgen L\u00fcbke (L\u00fcbke und Wiedemann). Medalist: Prof. Gustav Weidanz."}},"division":{"ikmk_division_id":"4","division_name_de":"Medaillen","division_name_en":"Medals"},"sub_division":{"ikmk_subdivision_id":"30","subdivision_name_de":"20. Jh. bis heute","subdivision_name_en":"20th century to present"},"literatur":"W. Steguweit, Ars Juventuti. Berliner Sch\u00fclermedaillen von der Unterrichtsanstalt des Kunstgewerbemuseums zur Hochschule f\u00fcr bildende K\u00fcnste. Das Kabinett 11 (2009) 49 Nr. 11 mit Abb. (dieses St\u00fcck).","comment":"Es handelt sich um je ein gegossenen Exemplar der Vs. und eines der Rs. - Die Medaille wurde von der Bildgie\u00dferei Noack Berlin hergestellt.","period":{"ikmk_period_id":"5","name_de":"Moderne seit 1900","name_en":"Modern period post 1900","description_de":"Die kunstgeschichtliche Epoche seit dem Jahr 1900.","description_en":"The modern period from 1900.","concept_id":"http:\/\/vocab.getty.edu\/aat\/300404514","ndp_uri":"https:\/\/ikmk.smb.museum\/ndp\/period\/5"},"year_start":"1912","year_end":"1912","date_verbal":"1912","year_islam":"0","manufacturing":[{"ikmk_manufacturing_id":"22","manufacturing_name_de":"gegossen","manufacturing_name_en":"cast","nomisma_id":"http:\/\/nomisma.org\/id\/cast","ndp_uri":"https:\/\/ikmk.smb.museum\/ndp\/manufacture\/22"}],"linked_persons_corporations":{"49":{"ikmk_type_id":"49","type_name_de":"Medailleur\/in","type_name_en":"Medalist","type_nomisma_id":"http:\/\/nomisma.org\/id\/medalist","type_concept_id":"http:\/\/d-nb.info\/gnd\/4306105-9","ndp_id":"https:\/\/ikmk.smb.museum\/ndp\/type_for_person_and_corporation\/49","items":{"47":{"ikmk_person_id":"47","title_de":"Prof.","first_name_de":"Gustav","last_name_de":"Weidanz","vitalDates":"09.12.1889 - 25.08.1970","title_en":null,"first_name_en":"Gustav","last_name_en":"Weidanz","corporation":"0","lod":{"https:\/\/d-nb.info\/gnd\/117239356":"https:\/\/d-nb.info\/gnd\/117239356","https:\/\/de.wikipedia.org\/wiki\/Gustav_Weidanz":"https:\/\/de.wikipedia.org\/wiki\/Gustav_Weidanz","https:\/\/viaf.org\/viaf\/96391359":"https:\/\/viaf.org\/viaf\/96391359","https:\/\/www.wikidata.org\/wiki\/Q1556513":"https:\/\/www.wikidata.org\/wiki\/Q1556513","https:\/\/ikmk.smb.museum\/ndp\/person\/47":"https:\/\/ikmk.smb.museum\/ndp\/person\/47"}}}},"50":{"ikmk_type_id":"50","type_name_de":"Vorbesitzer","type_name_en":"previous Owner","type_nomisma_id":"","type_concept_id":"http:\/\/d-nb.info\/gnd\/4447273-0","ndp_id":"https:\/\/ikmk.smb.museum\/ndp\/type_for_person_and_corporation\/50","items":{"47":{"ikmk_person_id":"47","title_de":"Prof.","first_name_de":"Gustav","last_name_de":"Weidanz","vitalDates":"09.12.1889 - 25.08.1970","title_en":null,"first_name_en":"Gustav","last_name_en":"Weidanz","corporation":"0","lod":{"https:\/\/d-nb.info\/gnd\/117239356":"https:\/\/d-nb.info\/gnd\/117239356","https:\/\/de.wikipedia.org\/wiki\/Gustav_Weidanz":"https:\/\/de.wikipedia.org\/wiki\/Gustav_Weidanz","https:\/\/viaf.org\/viaf\/96391359":"https:\/\/viaf.org\/viaf\/96391359","https:\/\/www.wikidata.org\/wiki\/Q1556513":"https:\/\/www.wikidata.org\/wiki\/Q1556513","https:\/\/ikmk.smb.museum\/ndp\/person\/47":"https:\/\/ikmk.smb.museum\/ndp\/person\/47"},"year_from":"0","year_until":"0"}}},"53":{"ikmk_type_id":"53","type_name_de":"Hersteller","type_name_en":"Producer","type_nomisma_id":"","type_concept_id":"http:\/\/d-nb.info\/gnd\/4175820-1","ndp_id":"https:\/\/ikmk.smb.museum\/ndp\/type_for_person_and_corporation\/53","items":{"4995":{"ikmk_person_id":"4995","title_de":null,"first_name_de":null,"last_name_de":"Firma Bildgie\u00dferei Hermann Noack (Berlin)","vitalDates":null,"title_en":null,"first_name_en":null,"last_name_en":"Firma Bildgie\u00dferei Hermann Noack (Berlin)","corporation":"1","lod":{"https:\/\/d-nb.info\/gnd\/4316796-2":"https:\/\/d-nb.info\/gnd\/4316796-2","https:\/\/de.wikipedia.org\/wiki\/Hermann_Noack":"https:\/\/de.wikipedia.org\/wiki\/Hermann_Noack","https:\/\/en.wikipedia.org\/wiki\/Hermann_Noack":"https:\/\/en.wikipedia.org\/wiki\/Hermann_Noack","https:\/\/viaf.org\/viaf\/138529825":"https:\/\/viaf.org\/viaf\/138529825","https:\/\/www.wikidata.org\/wiki\/Q1575409":"https:\/\/www.wikidata.org\/wiki\/Q1575409","https:\/\/ikmk.smb.museum\/ndp\/corporation\/4995":"https:\/\/ikmk.smb.museum\/ndp\/corporation\/4995"}}}}},"keywords":[{"ikmk_keyword_id":"14","keyword_de":"20. Jh.","keyword_gnd_uri":"","keyword_concept_uri":"http:\/\/vocab.getty.edu\/aat\/300404514"},{"ikmk_keyword_id":"16","keyword_de":"Berlin","keyword_gnd_uri":"http:\/\/d-nb.info\/gnd\/4005728-8","keyword_concept_uri":"http:\/\/www.nomisma.org\/id\/berlin"},{"ikmk_keyword_id":"71","keyword_de":"Bronze \/ Kupfer","keyword_gnd_uri":"http:\/\/d-nb.info\/gnd\/4146667-6","keyword_concept_uri":"http:\/\/www.nomisma.org\/id\/ae"},{"ikmk_keyword_id":"18","keyword_de":"Deutschland","keyword_gnd_uri":"http:\/\/d-nb.info\/gnd\/4011882-4","keyword_concept_uri":"http:\/\/vocab.getty.edu\/tgn\/7000084"},{"ikmk_keyword_id":"55","keyword_de":"Frauen","keyword_gnd_uri":"http:\/\/d-nb.info\/gnd\/4018202-2","keyword_concept_uri":"http:\/\/vocab.getty.edu\/aat\/300025943"},{"ikmk_keyword_id":"76","keyword_de":"Gegenst\u00e4nde","keyword_gnd_uri":"http:\/\/d-nb.info\/gnd\/4121320-8","keyword_concept_uri":"http:\/\/vocab.getty.edu\/aat\/300311889"},{"ikmk_keyword_id":"64","keyword_de":"Medaillen","keyword_gnd_uri":"http:\/\/d-nb.info\/gnd\/4038206-0","keyword_concept_uri":"http:\/\/www.nomisma.org\/id\/medal"},{"ikmk_keyword_id":"65","keyword_de":"Medailleure","keyword_gnd_uri":"http:\/\/d-nb.info\/gnd\/4306105-9","keyword_concept_uri":"http:\/\/www.nomisma.org\/id\/medalist"},{"ikmk_keyword_id":"3","keyword_de":"Neuzeit","keyword_gnd_uri":"http:\/\/d-nb.info\/gnd\/4171678-4","keyword_concept_uri":""},{"ikmk_keyword_id":"40","keyword_de":"Private als M\u00fcnzstand","keyword_gnd_uri":"http:\/\/d-nb.info\/gnd\/4134791-2","keyword_concept_uri":""}],"timeline_themes":[{"ikmk_timeline_id":"66","timeline_item":"Jugendstil","description":"Um 1900 wurde die Medaille von einer inhaltlichen und formalen Erstarrung befreit, die sie im Laufe des 19. Jh. in ihren k\u00fcnstlerischen Entfaltungsm\u00f6glichkeiten eingeengt hatte. Pr\u00e4geeffekte mit einem matt gl\u00e4nzenden Relief auf \u201epolierter Platte\u201c hatten die Vorstellung von einem anscheinend \u201eewigen\u201c Medaillenstil verfestigt. Art Nouveau, Sezession und Jugendstil sind Bezeichnungen f\u00fcr neues F\u00fchlen und Gestalten auch im Medaillenschaffen. Mit \u201eVolkslied der Skulptur\u201c w\u00e4hlte Alfred Lichtwark, einer ihrer Protagonisten, eine Metapher f\u00fcr Synergien, die die Medaille aus den k\u00fcnstlerischen Gesamtbestrebungen bezog. Flie\u00dfende Formen, Reduzierung der Miniaturdenkmale auf Allt\u00e4gliches, auf Gef\u00fchle und Stimmungen, kennzeichnen die neue Auffassung von der Medaille als einem \u201esinnlichen\u201c Relief. Durch Vermeidung harter Konturen selbst bei der seriell produzierten Pr\u00e4gemedaille und mittels kunstvoller Patinierungen wurde der \u00e4sthetische und haptische Reiz der neuartigen Kleinreliefs verst\u00e4rkt. Vorreiter waren die fast ausschlie\u00dflich in Paris bzw. Wien ans\u00e4ssigen franz\u00f6sischen und \u00f6sterreichischen Medailleure. In Deutschland waren die Bildhauerzentren Berlin und M\u00fcnchen zwar auch im Medaillenschaffen dominierend, aber die alten Reichs- und Residenzst\u00e4dte mit ihren M\u00fcnzst\u00e4tten und privaten Pr\u00e4gebetrieben sorgten gleicherma\u00dfen f\u00fcr stilistische und technische Innovation.","year_from":"1890","year_until":"1914","autor":"Steguweit, Wolfgang"}],"text_right":{"short":"CC BY-SA 4.0","icon":"https:\/\/licensebuttons.net\/l\/by-sa\/4.0\/80x15.png","url":{"de":"https:\/\/creativecommons.org\/licenses\/by-sa\/4.0\/deed.de","en":"https:\/\/creativecommons.org\/licenses\/by-sa\/4.0\/deed.en"},"label":{"de":"Creative Commons Namensnennung - Weitergabe unter gleichen Bedingungen 4.0 International","en":"Creative Commons Attribution-ShareAlike 4.0 International"},"string":{"de":"Texte und Beschreibungen in diesem Online-Katalog stehen unter einer\u00a0<a href=\"https:\/\/creativecommons.org\/licenses\/by-sa\/4.0\/deed.de\" target=\"_blank\">CC BY-SA 4.0<\/a> Lizenz.","en":"Texts and descriptions of this catalogue are licensed <a href=\"https:\/\/creativecommons.org\/licenses\/by-sa\/4.0\/deed.en\" target=\"_blank\">CC BY-SA 4.0<\/a>."}},"lod_right":{"short":"PDM 1.0","icon":"https:\/\/licensebuttons.net\/p\/zero\/1.0\/80x15.png","url":{"de":"https:\/\/creativecommons.org\/publicdomain\/mark\/1.0\/deed.de","en":"https:\/\/creativecommons.org\/publicdomain\/mark\/1.0\/deed.en"},"label":{"de":"Public Domain Mark 1.0","en":"Public Domain Mark 1.0"},"string":{"de":"Verwendete LOD-Identifikatoren sind <a href=\"https:\/\/creativecommons.org\/publicdomain\/mark\/1.0\/deed.de\" target=\"_blank\">Public Domain Mark 1.0<\/a>\u00a0lizenziert.","en":"LOD ids used are licensed <a href=\"https:\/\/creativecommons.org\/publicdomain\/mark\/1.0\/deed.en\" target=\"_blank\">Public Domain Mark 1.0<\/a>."}},"image_restriction_id":1,"image_restriction":"locked","image_right":{"short":"none"}}