{"ikmk_mds_id":"18225809","ikmk_id":"27239","eLearning_completed":"0","primary_source_id":"0","title":"Fitzenreiter, Wilfried: Arthur Suhle","inventory_number":"","activated":"yes","item":{"ikmk_item_id":"3","ndp_uri":"https:\/\/ikmk.smb.museum\/ndp\/item\/3","item_de":"Medaille","item_en":"Medal","item_nomisma":"http:\/\/nomisma.org\/id\/medal"},"permalink":"https:\/\/ikmk.smb.museum\/object?id=18225809","permalink_source":null,"publisher":{"ikmk_publisher_id":13,"ndp_uri":"https:\/\/ikmk.smb.museum\/ndp\/owner\/13","publisher_name":"M\u00fcnzkabinett, Staatliche Museen zu Berlin - Stiftung Preu\u00dfischer Kulturbesitz","publisher_isil":"http:\/\/ld.zdb-services.de\/resource\/organisations\/DE-MUS-814819","publisher_isil_short":"DE-MUS-814819","UID":"http:\/\/ld.zdb-services.de\/resource\/organisations\/DE-MUS-814819\/18225809","legalBodyWeblink":"https:\/\/www.smb.museum\/museen-und-einrichtungen\/muenzkabinett\/home.html","nomisma_address":"http:\/\/nomisma.org\/id\/mk_berlin","author":"Vogel, Renate; Bannicke, Elke"},"owner":{"ikmk_owner_id":"13","owner_name":"Berlin, M\u00fcnzkabinett der Staatlichen Museen","owner_isil":"http:\/\/ld.zdb-services.de\/resource\/organisations\/DE-MUS-814819","owner_isil_short":"DE-MUS-814819","owner_www_address":"https:\/\/ikmk.smb.museum\/","nomisma_address":"http:\/\/nomisma.org\/id\/mk_berlin","ndp_uri":"https:\/\/ikmk.smb.museum\/ndp\/owner\/13","owner_type":{"de":"Eigentum","en":"Property","ikmk_type_id":"2","ndp_uri":"https:\/\/ikmk.smb.museum\/ndp\/status_of_property\/2"}},"ikmk_status_id":"7","status":{"de":"vorhanden","en":"present","ikmk_status_id":"7","ndp_uri":"https:\/\/ikmk.smb.museum\/ndp\/object_status\/7"},"date_last":"2023-03-14 01:49:51","coin_status":[{"ikmk_coin_status_id":"48","coin_status_name_de":"Privatausgabe","coin_status_name_en":"Private issue","coin_status_nomisma_id":""}],"mint":[{"ikmk_country_id":"19","country_ndp_url":"https:\/\/ikmk.smb.museum\/ndp\/country\/19","country_name_de":"Deutschland","country_name_en":"Germany","country_nomisma_id":"http:\/\/nomisma.org\/id\/bundesrepublik_deutschland","country_geoname_id":"http:\/\/www.geonames.org\/2921044","ikmk_region_id":"58","region_ndp_uri":"https:\/\/ikmk.smb.museum\/ndp\/region\/58","region_name":"Brandenburg","region_nomisma_id":"","region_geoname_id":"http:\/\/www.geonames.org\/2945356","ikmk_mint_id":"1893","mint_ndp_uri":"https:\/\/ikmk.smb.museum\/ndp\/location\/1893","mint_name":"Sch\u00f6neiche bei Berlin","mint_name_de":"Sch\u00f6neiche bei Berlin","mint_name_en":null,"mint_nomisma_id":"","mint_geoname_id":"http:\/\/www.geonames.org\/6547647"}],"material":{"ikmk_material_id":"2","material_name_de":"Bronze","material_name_en":"Bronze","material_nomisma_id":"http:\/\/nomisma.org\/id\/ae","ndp_uri":"https:\/\/ikmk.smb.museum\/ndp\/material\/2"},"diameter":"83 mm","weight":"196.62 g","accession":"1973\/102","access_year":"1973","access_type":{"ikmk_access_type_id":"4","access_type_name":"\u00dcberweisung","access_type_nomisma_id":"","access_type_concept_id":"http:\/\/vocab.getty.edu\/aat\/300417644","ndp_uir":"https:\/\/ikmk.smb.museum\/ndp\/accession\/4"},"provenienz_extern":"","acquisition_date":"","avers":{"leg_trans":"","leg_text":"ARTHUR \/ SUHLE","image_description":"Brustbild Arthur Suhles im Anzug im Profil nach links. Im r. F. die Signatur F.","foto_date":"2010-11-09","photographer":{"ikmk_photographer_id":"3","photographer_name":"Dirk Sonnenwald","photographer_gnd":"","photographer_viaf":""},"path_thumbnail":"https:\/\/ikmk.smb.museum\/layout\/sperre300.jpg","path_opt":"https:\/\/ikmk.smb.museum\/layout\/sperre300.jpg","path_opt_rel":"\/data\/www\/001-ikmk\/mk-edit\/images\/n27\/27239\/vs_opt.jpg","path":"https:\/\/ikmk.smb.museum\/layout\/sperre300.jpg","path_org":"https:\/\/ikmk.smb.museum\/layout\/sperre300.jpg","image_timestamp":1643732107,"copyright":{"short":"none","de":"Aus urheberrechtlichen Gr\u00fcnden ist dem M\u00fcnzkabinett die Ausgabe der Bildansichten nicht erlaubt. Berlin, M\u00fcnzkabinett der Staatlichen Museen, 18225809 Aufnahme durch Dirk Sonnenwald. Medailleur\/in: Wilfried Fitzenreiter registriert durch VG Bild-Kunst.","en":"Because of Copyright regulations we are prohibited from showing images of this object. Berlin, M\u00fcnzkabinett der Staatlichen Museen, 18225809. Photographs by Dirk Sonnenwald. Medalist: Wilfried Fitzenreiter registered by VG Bild-Kunst."}},"revers":{"leg_trans":"","leg_text":"DER \/ GENERALDIREKTOR \/ DER STAATLICHEN \/ MUSEEN ZU BERLIN \/ DEM NESTOR \/ DER DEUTSCHEN \/ NUMISMATIK \/ 1973","image_description":"Achtzeilige Aufschrift.","foto_date":"2010-11-09","photographer":{"ikmk_photographer_id":"3","photographer_name":"Dirk Sonnenwald","photographer_gnd":"","photographer_viaf":""},"path_thumbnail":"https:\/\/ikmk.smb.museum\/layout\/sperre300.jpg","path_opt":"https:\/\/ikmk.smb.museum\/layout\/sperre300.jpg","path_opt_rel":"\/data\/www\/001-ikmk\/mk-edit\/images\/n27\/27239\/rs_opt.jpg","path":"https:\/\/ikmk.smb.museum\/layout\/sperre300.jpg","path_org":"https:\/\/ikmk.smb.museum\/layout\/sperre300.jpg","image_timestamp":1643732107,"copyright":{"short":"none","de":"Aus urheberrechtlichen Gr\u00fcnden ist dem M\u00fcnzkabinett die Ausgabe der Bildansichten nicht erlaubt. Berlin, M\u00fcnzkabinett der Staatlichen Museen, 18225809 Aufnahme durch Dirk Sonnenwald. Medailleur\/in: Wilfried Fitzenreiter registriert durch VG Bild-Kunst.","en":"Because of Copyright regulations we are prohibited from showing images of this object. Berlin, M\u00fcnzkabinett der Staatlichen Museen, 18225809. Photographs by Dirk Sonnenwald. Medalist: Wilfried Fitzenreiter registered by VG Bild-Kunst."}},"division":{"ikmk_division_id":"4","division_name_de":"Medaillen","division_name_en":"Medals"},"sub_division":{"ikmk_subdivision_id":"30","subdivision_name_de":"20. Jh. bis heute","subdivision_name_en":"20th century to present"},"literatur":"M. Heidemann, W. Steguweit (Hrsg.), Die Kunstmedaille in Deutschland 17 (2002) 84 Nr. 83.","comment":"Gussmedaille. Hersteller: Bildgie\u00dferei Seiler, Sch\u00f6neiche bei Berlin (von 1975 bis Ende der 80er Jahre Gie\u00dferei des Staatlichen Kunsthandels der DDR, danach Bildgie\u00dferei Seiler GmbH). Medaille anl\u00e4sslich des 75. Geburtstages von Arthur Suhle. Der auf der R\u00fcckseite dieser Medaille namentlich nicht genannte Generaldirektor ist Gerhard Rudolf Meyer (1908-1977), im Amt von 1958 bis 1976. - Arthur Suhle (1898-1974) war ein deutscher Numismatiker, sein Schwerpunkt lag auf dem Gebiet des Mittelalters, daneben aber auch der Neuzeit und Medaillen. Von 1935 bis 1945 war er kommissarischer Leiter des M\u00fcnzkabinetts in Berlin, von 1945 bis 1973 dessen Direktor. Daneben unterrichtete er von 1946 bis 1962 als Professor an der Humboldt-Universit\u00e4t zu Berlin.","period":{"ikmk_period_id":"5","name_de":"Moderne seit 1900","name_en":"Modern period post 1900","description_de":"Die kunstgeschichtliche Epoche seit dem Jahr 1900.","description_en":"The modern period from 1900.","concept_id":"http:\/\/vocab.getty.edu\/aat\/300404514","ndp_uri":"https:\/\/ikmk.smb.museum\/ndp\/period\/5"},"year_start":"1973","year_end":"1973","date_verbal":"1973","year_islam":"0","manufacturing":[{"ikmk_manufacturing_id":"22","manufacturing_name_de":"gegossen","manufacturing_name_en":"cast","nomisma_id":"http:\/\/nomisma.org\/id\/cast","ndp_uri":"https:\/\/ikmk.smb.museum\/ndp\/manufacture\/22"}],"linked_persons_corporations":{"49":{"ikmk_type_id":"49","type_name_de":"Medailleur\/in","type_name_en":"Medalist","type_nomisma_id":"http:\/\/nomisma.org\/id\/medalist","type_concept_id":"http:\/\/d-nb.info\/gnd\/4306105-9","ndp_id":"https:\/\/ikmk.smb.museum\/ndp\/type_for_person_and_corporation\/49","items":{"12":{"ikmk_person_id":"12","title_de":null,"first_name_de":"Wilfried","last_name_de":"Fitzenreiter","vitalDates":"17.09.1932 - 12.04. 2008","title_en":null,"first_name_en":"Wilfried","last_name_en":"Fitzenreiter","corporation":"0","lod":{"https:\/\/d-nb.info\/gnd\/129068772":"https:\/\/d-nb.info\/gnd\/129068772","https:\/\/de.wikipedia.org\/wiki\/Wilfried_Fitzenreiter":"https:\/\/de.wikipedia.org\/wiki\/Wilfried_Fitzenreiter","https:\/\/viaf.org\/viaf\/52758052":"https:\/\/viaf.org\/viaf\/52758052","https:\/\/www.britishmuseum.org\/collection\/term\/BIOG107856":"https:\/\/www.britishmuseum.org\/collection\/term\/BIOG107856","https:\/\/www.wikidata.org\/wiki\/Q2571172":"https:\/\/www.wikidata.org\/wiki\/Q2571172","https:\/\/ikmk.smb.museum\/ndp\/person\/12":"https:\/\/ikmk.smb.museum\/ndp\/person\/12"}}}},"50":{"ikmk_type_id":"50","type_name_de":"Vorbesitzer","type_name_en":"previous Owner","type_nomisma_id":"","type_concept_id":"http:\/\/d-nb.info\/gnd\/4447273-0","ndp_id":"https:\/\/ikmk.smb.museum\/ndp\/type_for_person_and_corporation\/50","items":{"9573":{"ikmk_person_id":"9573","title_de":null,"first_name_de":null,"last_name_de":"Generalverwaltung der Staatlichen Museen zu Berlin","vitalDates":null,"title_en":null,"first_name_en":null,"last_name_en":"Generalverwaltung der Staatlichen Museen zu Berlin","corporation":"1","lod":{"https:\/\/d-nb.info\/gnd\/1086133900":"https:\/\/d-nb.info\/gnd\/1086133900","https:\/\/viaf.org\/viaf\/994145857935923020374":"https:\/\/viaf.org\/viaf\/994145857935923020374","https:\/\/ikmk.smb.museum\/ndp\/corporation\/9573":"https:\/\/ikmk.smb.museum\/ndp\/corporation\/9573"},"year_from":"0","year_until":"1973"}}},"53":{"ikmk_type_id":"53","type_name_de":"Hersteller","type_name_en":"Producer","type_nomisma_id":"","type_concept_id":"http:\/\/d-nb.info\/gnd\/4175820-1","ndp_id":"https:\/\/ikmk.smb.museum\/ndp\/type_for_person_and_corporation\/53","items":{"10401":{"ikmk_person_id":"10401","title_de":null,"first_name_de":null,"last_name_de":"Bildgie\u00dferei Seiler & Siebert","vitalDates":null,"title_en":null,"first_name_en":null,"last_name_en":"Bildgie\u00dferei Seiler & Siebert","corporation":"1","lod":{"https:\/\/ikmk.smb.museum\/ndp\/corporation\/10401":"https:\/\/ikmk.smb.museum\/ndp\/corporation\/10401"}}}},"54":{"ikmk_type_id":"54","type_name_de":"Dargestellte\/r","type_name_en":"Sitter","type_nomisma_id":"http:\/\/nomisma.org\/id\/portrait","type_concept_id":"http:\/\/vocab.getty.edu\/aat\/300189844","ndp_id":"https:\/\/ikmk.smb.museum\/ndp\/type_for_person_and_corporation\/54","items":{"2309":{"ikmk_person_id":"2309","title_de":"Prof. Dr.","first_name_de":"Arthur","last_name_de":"Suhle","vitalDates":"21.05.1898 - 14.04.1974","title_en":null,"first_name_en":"Arthur","last_name_en":"Suhle","corporation":"0","lod":{"https:\/\/d-nb.info\/gnd\/117372528":"https:\/\/d-nb.info\/gnd\/117372528","https:\/\/de.wikipedia.org\/wiki\/Arthur_Suhle":"https:\/\/de.wikipedia.org\/wiki\/Arthur_Suhle","https:\/\/viaf.org\/viaf\/8163927":"https:\/\/viaf.org\/viaf\/8163927","https:\/\/www.wikidata.org\/wiki\/Q711634":"https:\/\/www.wikidata.org\/wiki\/Q711634","https:\/\/ikmk.smb.museum\/ndp\/person\/2309":"https:\/\/ikmk.smb.museum\/ndp\/person\/2309"}}}}},"keywords":[{"ikmk_keyword_id":"14","keyword_de":"20. Jh.","keyword_gnd_uri":"","keyword_concept_uri":"http:\/\/vocab.getty.edu\/aat\/300404514"},{"ikmk_keyword_id":"71","keyword_de":"Bronze \/ Kupfer","keyword_gnd_uri":"http:\/\/d-nb.info\/gnd\/4146667-6","keyword_concept_uri":"http:\/\/www.nomisma.org\/id\/ae"},{"ikmk_keyword_id":"18","keyword_de":"Deutschland","keyword_gnd_uri":"http:\/\/d-nb.info\/gnd\/4011882-4","keyword_concept_uri":"http:\/\/vocab.getty.edu\/tgn\/7000084"},{"ikmk_keyword_id":"64","keyword_de":"Medaillen","keyword_gnd_uri":"http:\/\/d-nb.info\/gnd\/4038206-0","keyword_concept_uri":"http:\/\/www.nomisma.org\/id\/medal"},{"ikmk_keyword_id":"65","keyword_de":"Medailleure","keyword_gnd_uri":"http:\/\/d-nb.info\/gnd\/4306105-9","keyword_concept_uri":"http:\/\/www.nomisma.org\/id\/medalist"},{"ikmk_keyword_id":"3","keyword_de":"Neuzeit","keyword_gnd_uri":"http:\/\/d-nb.info\/gnd\/4171678-4","keyword_concept_uri":""},{"ikmk_keyword_id":"43","keyword_de":"Portr\u00e4ts","keyword_gnd_uri":"http:\/\/d-nb.info\/gnd\/4006627-7","keyword_concept_uri":"http:\/\/vocab.getty.edu\/aat\/300015637"},{"ikmk_keyword_id":"40","keyword_de":"Private als M\u00fcnzstand","keyword_gnd_uri":"http:\/\/d-nb.info\/gnd\/4134791-2","keyword_concept_uri":""}],"text_right":{"short":"CC BY-SA 4.0","icon":"https:\/\/licensebuttons.net\/l\/by-sa\/4.0\/80x15.png","url":{"de":"https:\/\/creativecommons.org\/licenses\/by-sa\/4.0\/deed.de","en":"https:\/\/creativecommons.org\/licenses\/by-sa\/4.0\/deed.en"},"label":{"de":"Creative Commons Namensnennung - Weitergabe unter gleichen Bedingungen 4.0 International","en":"Creative Commons Attribution-ShareAlike 4.0 International"},"string":{"de":"Texte und Beschreibungen in diesem Online-Katalog stehen unter einer\u00a0<a href=\"https:\/\/creativecommons.org\/licenses\/by-sa\/4.0\/deed.de\" target=\"_blank\">CC BY-SA 4.0<\/a> Lizenz.","en":"Texts and descriptions of this catalogue are licensed <a href=\"https:\/\/creativecommons.org\/licenses\/by-sa\/4.0\/deed.en\" target=\"_blank\">CC BY-SA 4.0<\/a>."}},"lod_right":{"short":"PDM 1.0","icon":"https:\/\/licensebuttons.net\/p\/zero\/1.0\/80x15.png","url":{"de":"https:\/\/creativecommons.org\/publicdomain\/mark\/1.0\/deed.de","en":"https:\/\/creativecommons.org\/publicdomain\/mark\/1.0\/deed.en"},"label":{"de":"Public Domain Mark 1.0","en":"Public Domain Mark 1.0"},"string":{"de":"Verwendete LOD-Identifikatoren sind <a href=\"https:\/\/creativecommons.org\/publicdomain\/mark\/1.0\/deed.de\" target=\"_blank\">Public Domain Mark 1.0<\/a>\u00a0lizenziert.","en":"LOD ids used are licensed <a href=\"https:\/\/creativecommons.org\/publicdomain\/mark\/1.0\/deed.en\" target=\"_blank\">Public Domain Mark 1.0<\/a>."}},"image_restriction_id":3,"image_restriction":"VG Bild-Kunst","image_right":{"short":"none"}}