{"language_default":"de","language_more":[],"ikmk_mds_id":"18232460","ikmk_id":"33908","eLearning_completed":"0","primary_source_id":"0","title":"J\u00e4hnig, Andreas A: Friedrich 300","inventory_number":"","activated":"yes","item":{"ikmk_item_id":"3","ndp_uri":"https:\/\/ikmk.smb.museum\/ndp\/item\/3","item_de":"Medaille","item_en":"Medal","item_nomisma":"http:\/\/nomisma.org\/id\/medal"},"permalink":"https:\/\/ikmk.smb.museum\/object?id=18232460","permalink_source":"","publisher":{"ikmk_publisher_id":13,"ndp_uri":"https:\/\/ikmk.smb.museum\/ndp\/owner\/13","publisher_name":"M\u00fcnzkabinett, Staatliche Museen zu Berlin - Stiftung Preu\u00dfischer Kulturbesitz","publisher_isil":"http:\/\/ld.zdb-services.de\/resource\/organisations\/DE-MUS-814819","publisher_isil_short":"DE-MUS-814819","UID":"http:\/\/ld.zdb-services.de\/resource\/organisations\/DE-MUS-814819\/18232460","legalBodyWeblink":"https:\/\/www.smb.museum\/museen-und-einrichtungen\/muenzkabinett\/home.html","nomisma_address":"http:\/\/nomisma.org\/id\/mk_berlin","author":"Weisser, Bernhard; Bannicke, Elke"},"owner":{"ikmk_owner_id":"13","owner_name":"Berlin, M\u00fcnzkabinett der Staatlichen Museen","owner_isil":"http:\/\/ld.zdb-services.de\/resource\/organisations\/DE-MUS-814819","owner_isil_short":"DE-MUS-814819","owner_www_address":"https:\/\/ikmk.smb.museum\/","nomisma_address":"http:\/\/nomisma.org\/id\/mk_berlin","ndp_uri":"https:\/\/ikmk.smb.museum\/ndp\/owner\/13","owner_type":{"de":"Eigentum","en":"Property","ikmk_type_id":"2","ndp_uri":"https:\/\/ikmk.smb.museum\/ndp\/status_of_property\/2"}},"ikmk_status_id":"7","status":{"de":"vorhanden","en":"present","ikmk_status_id":"7","ndp_uri":"https:\/\/ikmk.smb.museum\/ndp\/object_status\/7"},"patronage":"Prof. Dr. Jean Hourmouziadis","date_last":"2025-07-07 13:51:56","coin_status":[{"ikmk_coin_status_id":"48","coin_status_name_de":"Privatausgabe","coin_status_name_en":"Private issue","coin_status_nomisma_id":""}],"mint":[{"ikmk_country_id":"19","country_ndp_url":"https:\/\/ikmk.smb.museum\/ndp\/country\/19","country_name_de":"Deutschland","country_name_en":"Germany","country_nomisma_id":"http:\/\/nomisma.org\/id\/bundesrepublik_deutschland","country_geoname_id":"http:\/\/www.geonames.org\/2921044","ikmk_region_id":"50","region_ndp_uri":"https:\/\/ikmk.smb.museum\/ndp\/region\/50","region_name_de":"","region_name_en":null,"region_nomisma_id":"","region_geoname_id":"","ikmk_mint_id":"78","mint_ndp_uri":"https:\/\/ikmk.smb.museum\/ndp\/location\/78","mint_name":"","mint_name_de":"","mint_name_en":null,"mint_nomisma_id":"","mint_geoname_id":""}],"material":{"ikmk_material_id":"2","material_name_de":"Bronze","material_name_en":"Bronze","material_nomisma_id":"http:\/\/nomisma.org\/id\/ae","ndp_uri":"https:\/\/ikmk.smb.museum\/ndp\/material\/2"},"diameter":"90 mm","weight":"202.00 g","accession":"2011\/645","access_year":"2011","access_type":{"ikmk_access_type_id":"1","access_type_name":"Kauf","access_type_nomisma_id":"","access_type_concept_id":"http:\/\/d-nb.info\/gnd\/4128692-3","ndp_uir":"https:\/\/ikmk.smb.museum\/ndp\/accession\/1"},"provenienz_extern":"","acquisition_date":"","avers":{"leg_trans":"","leg_text":"","image_description":"H\u00fcftbild K\u00f6nig Friedrichs II. mit Dreispitz und Feldherrnstab in der ausgestreckten linken Hand nach rechts. Im Hintergrund ins Gefecht marschierende Soldaten.","foto_date":"2011-11-10","photographer":{"ikmk_photographer_id":"5","photographer_name":"Reinhard Saczewski","photographer_gnd":"","photographer_viaf":""},"path_thumbnail":"https:\/\/ikmk.smb.museum\/layout\/sperre300.jpg","path_opt":"https:\/\/ikmk.smb.museum\/layout\/sperre300.jpg","path_opt_rel":"\/data\/www\/001-ikmk\/mk-edit\/images\/n33\/33908\/vs_opt.jpg","path":"https:\/\/ikmk.smb.museum\/layout\/sperre300.jpg","path_org":"https:\/\/ikmk.smb.museum\/layout\/sperre300.jpg","image_timestamp":1643729785,"copyright":{"short":"none","de":"Aus urheberrechtlichen Gr\u00fcnden ist dem M\u00fcnzkabinett die Ausgabe der Bildansichten nicht erlaubt. Berlin, M\u00fcnzkabinett der Staatlichen Museen, 18232460 Aufnahme durch Reinhard Saczewski. Medailleur\/in: Andreas A. J\u00e4hnig registriert durch VG Bild-Kunst.","en":"Because of Copyright regulations we are prohibited from showing images of this object. Berlin, M\u00fcnzkabinett der Staatlichen Museen, 18232460. Photographs by Reinhard Saczewski. Medalist: Andreas A. J\u00e4hnig registered by VG Bild-Kunst."}},"revers":{"leg_trans":"","leg_text":"","image_description":"Halbfigur K\u00f6nig Friedrich II. mit einer Querfl\u00f6te. Im Vordergrund Notenst\u00e4nder. Im Hintergrund die Bibliothek des K\u00f6nigs und eine auf einem Sofa sitzende Dame, ein Kavalier links daneben stehend.","foto_date":"2011-11-10","photographer":{"ikmk_photographer_id":"5","photographer_name":"Reinhard Saczewski","photographer_gnd":"","photographer_viaf":""},"path_thumbnail":"https:\/\/ikmk.smb.museum\/layout\/sperre300.jpg","path_opt":"https:\/\/ikmk.smb.museum\/layout\/sperre300.jpg","path_opt_rel":"\/data\/www\/001-ikmk\/mk-edit\/images\/n33\/33908\/rs_opt.jpg","path":"https:\/\/ikmk.smb.museum\/layout\/sperre300.jpg","path_org":"https:\/\/ikmk.smb.museum\/layout\/sperre300.jpg","image_timestamp":1643729785,"copyright":{"short":"none","de":"Aus urheberrechtlichen Gr\u00fcnden ist dem M\u00fcnzkabinett die Ausgabe der Bildansichten nicht erlaubt. Berlin, M\u00fcnzkabinett der Staatlichen Museen, 18232460 Aufnahme durch Reinhard Saczewski. Medailleur\/in: Andreas A. J\u00e4hnig registriert durch VG Bild-Kunst.","en":"Because of Copyright regulations we are prohibited from showing images of this object. Berlin, M\u00fcnzkabinett der Staatlichen Museen, 18232460. Photographs by Reinhard Saczewski. Medalist: Andreas A. J\u00e4hnig registered by VG Bild-Kunst."}},"division":{"ikmk_division_id":"4","division_name_de":"Medaillen","division_name_en":"Medals"},"sub_division":{"ikmk_subdivision_id":"30","subdivision_name_de":"20. Jh. bis heute","subdivision_name_en":"20th century to present"},"literatur":"B. Weisser, Friedrich 300, in: B. Kluge und E. Bannicke, F\u00fcr 8 Groschen ist's genug. Friedrich der Gro\u00dfe in seinen M\u00fcnzen und Medaillen. Das Kabinett 13 (2012) 137 Nr. 63 (dieses St\u00fcck); B. Weisser, Medaillenedition 'Friedrich 300', M\u00fcnzen & Sammeln, M\u00e4rz 2012, 15-16 (dieses St\u00fcck).","comment":"Beitrag f\u00fcr die Edition der Berliner Medailleure 'Friedrich 300'. Diese Arbeit wurde auch f\u00fcr die FIDEM-Ausstellung in Glasgow im Jahr 2012 ausgew\u00e4hlt. Andreas A. J\u00e4hnig nutzt die zwei Seiten der Medaille, um den K\u00f6nig als Feldherren und Fl\u00f6tenspieler einander gegen\u00fcber zu stellen. Der Feldherrenstab, mit dem er die zu Strichm\u00e4nnchen gewordenen Soldaten in der Schlacht dirigiert, wird auf der Kehrseite zur Querfl\u00f6te. Die Soldaten im Hintergrund der Feldherrenseite werden zu B\u00fcchern in hohen Regalen. Der von Friedrich selbst konsequent in \u201anegotium\u2019 und \u201aotium\u2019 getrennte Tageslauf bietet bis heute ein irritierendes Faszinosum.","period":{"ikmk_period_id":"5","name_de":"Moderne seit 1900","name_en":"Modern period post 1900","description_de":"Die kunstgeschichtliche Epoche seit dem Jahr 1900.","description_en":"The modern period from 1900.","concept_id":"http:\/\/vocab.getty.edu\/aat\/300404514","ndp_uri":"https:\/\/ikmk.smb.museum\/ndp\/period\/5"},"year_start":"2011","year_end":"2011","date_verbal":"2011","year_islam":"0","manufacturing":[{"ikmk_manufacturing_id":"22","manufacturing_name_de":"gegossen","manufacturing_name_en":"cast","nomisma_id":"http:\/\/nomisma.org\/id\/cast","ndp_uri":"https:\/\/ikmk.smb.museum\/ndp\/manufacture\/22"}],"linked_persons_corporations":{"49":{"ikmk_type_id":"49","type_name_de":"Medailleur\/in","type_name_en":"Medalist","type_nomisma_id":"http:\/\/nomisma.org\/id\/medalist","type_concept_id":"http:\/\/d-nb.info\/gnd\/4306105-9","ndp_id":"https:\/\/ikmk.smb.museum\/ndp\/type_for_person_and_corporation\/49","items":{"33":{"ikmk_person_id":"33","title_de":null,"first_name_de":"Andreas A.","last_name_de":"J\u00e4hnig","vitalDates":"19.12.1951 Leipzig -","title_en":null,"first_name_en":"Andreas A.","last_name_en":"J\u00e4hnig","corporation":"0","lod":{"https:\/\/www.britishmuseum.org\/collection\/term\/BIOG110196":"https:\/\/www.britishmuseum.org\/collection\/term\/BIOG110196","https:\/\/www.wikidata.org\/wiki\/Q130358154":"https:\/\/www.wikidata.org\/wiki\/Q130358154","https:\/\/ikmk.smb.museum\/ndp\/person\/33":"https:\/\/ikmk.smb.museum\/ndp\/person\/33"}}}},"53":{"ikmk_type_id":"53","type_name_de":"Hersteller","type_name_en":"Producer","type_nomisma_id":"","type_concept_id":"http:\/\/d-nb.info\/gnd\/4175820-1","ndp_id":"https:\/\/ikmk.smb.museum\/ndp\/type_for_person_and_corporation\/53","items":{"4996":{"ikmk_person_id":"4996","title_de":null,"first_name_de":null,"last_name_de":"Firma Bildgie\u00dferei Seiler","vitalDates":null,"title_en":null,"first_name_en":null,"last_name_en":"Firma Bildgie\u00dferei Seiler","corporation":"1","lod":{"https:\/\/d-nb.info\/gnd\/1029883343":"https:\/\/d-nb.info\/gnd\/1029883343","https:\/\/viaf.org\/viaf\/295726101":"https:\/\/viaf.org\/viaf\/295726101","https:\/\/ikmk.smb.museum\/ndp\/corporation\/4996":"https:\/\/ikmk.smb.museum\/ndp\/corporation\/4996"}}}},"54":{"ikmk_type_id":"54","type_name_de":"Dargestellte\/r","type_name_en":"Sitter","type_nomisma_id":"http:\/\/nomisma.org\/id\/portrait","type_concept_id":"http:\/\/vocab.getty.edu\/aat\/300189844","ndp_id":"https:\/\/ikmk.smb.museum\/ndp\/type_for_person_and_corporation\/54","items":{"668":{"ikmk_person_id":"668","title_de":null,"first_name_de":null,"last_name_de":"Friedrich II. (1740-1786), K\u00f6nig in, seit 1772 von Preu\u00dfen","vitalDates":"24.01.1712 - 17.08.1786","title_en":null,"first_name_en":null,"last_name_en":"Friedrich II (1740-1786), king in, from 1772 of Prussia","corporation":"0","lod":{"https:\/\/d-nb.info\/gnd\/118535749":"https:\/\/d-nb.info\/gnd\/118535749","https:\/\/en.wikipedia.org\/wiki\/Frederick_the_Great":"https:\/\/en.wikipedia.org\/wiki\/Frederick_the_Great","https:\/\/viaf.org\/viaf\/12303200":"https:\/\/viaf.org\/viaf\/12303200","https:\/\/www.britishmuseum.org\/collection\/term\/BIOG27861":"https:\/\/www.britishmuseum.org\/collection\/term\/BIOG27861","https:\/\/www.wikidata.org\/wiki\/Q33550":"https:\/\/www.wikidata.org\/wiki\/Q33550","https:\/\/ikmk.smb.museum\/ndp\/person\/668":"https:\/\/ikmk.smb.museum\/ndp\/person\/668"}}}},"125":{"ikmk_type_id":"125","type_name_de":"Ver\u00e4u\u00dferer (an Museum)","type_name_en":"Vendor (to Museum)","type_nomisma_id":"","type_concept_id":"http:\/\/d-nb.info\/gnd\/4126928-7","ndp_id":"https:\/\/ikmk.smb.museum\/ndp\/type_for_person_and_corporation\/125","items":{"33":{"ikmk_person_id":"33","title_de":null,"first_name_de":"Andreas A.","last_name_de":"J\u00e4hnig","vitalDates":"19.12.1951 Leipzig -","title_en":null,"first_name_en":"Andreas A.","last_name_en":"J\u00e4hnig","corporation":"0","lod":{"https:\/\/www.britishmuseum.org\/collection\/term\/BIOG110196":"https:\/\/www.britishmuseum.org\/collection\/term\/BIOG110196","https:\/\/www.wikidata.org\/wiki\/Q130358154":"https:\/\/www.wikidata.org\/wiki\/Q130358154","https:\/\/ikmk.smb.museum\/ndp\/person\/33":"https:\/\/ikmk.smb.museum\/ndp\/person\/33"}}}}},"keywords":[{"ikmk_keyword_id":"91","keyword_de":"21. Jh.","keyword_gnd_uri":"","keyword_concept_uri":"http:\/\/vocab.getty.edu\/aat\/300404515"},{"ikmk_keyword_id":"78","keyword_de":"Ber\u00fchmte Pers\u00f6nlichkeiten","keyword_gnd_uri":"http:\/\/d-nb.info\/gnd\/4044257-3","keyword_concept_uri":""},{"ikmk_keyword_id":"71","keyword_de":"Bronze \/ Kupfer","keyword_gnd_uri":"http:\/\/d-nb.info\/gnd\/4146667-6","keyword_concept_uri":"http:\/\/www.nomisma.org\/id\/ae"},{"ikmk_keyword_id":"18","keyword_de":"Deutschland","keyword_gnd_uri":"http:\/\/d-nb.info\/gnd\/4011882-4","keyword_concept_uri":"http:\/\/vocab.getty.edu\/tgn\/7000084"},{"ikmk_keyword_id":"57","keyword_de":"Krieg","keyword_gnd_uri":"http:\/\/d-nb.info\/gnd\/4033114-3","keyword_concept_uri":""},{"ikmk_keyword_id":"64","keyword_de":"Medaillen","keyword_gnd_uri":"http:\/\/d-nb.info\/gnd\/4038206-0","keyword_concept_uri":"http:\/\/www.nomisma.org\/id\/medal"},{"ikmk_keyword_id":"65","keyword_de":"Medailleure","keyword_gnd_uri":"http:\/\/d-nb.info\/gnd\/4306105-9","keyword_concept_uri":"http:\/\/www.nomisma.org\/id\/medalist"},{"ikmk_keyword_id":"3","keyword_de":"Neuzeit","keyword_gnd_uri":"http:\/\/d-nb.info\/gnd\/4171678-4","keyword_concept_uri":""},{"ikmk_keyword_id":"43","keyword_de":"Portr\u00e4ts","keyword_gnd_uri":"http:\/\/d-nb.info\/gnd\/4006627-7","keyword_concept_uri":"http:\/\/vocab.getty.edu\/aat\/300015637"},{"ikmk_keyword_id":"40","keyword_de":"Private als M\u00fcnzstand","keyword_gnd_uri":"http:\/\/d-nb.info\/gnd\/4134791-2","keyword_concept_uri":""}],"text_right":{"short":"CC BY-SA 4.0","icon":"https:\/\/licensebuttons.net\/l\/by-sa\/4.0\/80x15.png","url":{"de":"https:\/\/creativecommons.org\/licenses\/by-sa\/4.0\/deed.de","en":"https:\/\/creativecommons.org\/licenses\/by-sa\/4.0\/deed.en"},"label":{"de":"Creative Commons Namensnennung - Weitergabe unter gleichen Bedingungen 4.0 International","en":"Creative Commons Attribution-ShareAlike 4.0 International"},"string":{"de":"Texte und Beschreibungen in diesem Online-Katalog stehen unter einer\u00a0<a href=\"https:\/\/creativecommons.org\/licenses\/by-sa\/4.0\/deed.de\" target=\"_blank\">CC BY-SA 4.0<\/a> Lizenz.","en":"Texts and descriptions of this catalogue are licensed <a href=\"https:\/\/creativecommons.org\/licenses\/by-sa\/4.0\/deed.en\" target=\"_blank\">CC BY-SA 4.0<\/a>."}},"lod_right":{"short":"PDM 1.0","icon":"https:\/\/licensebuttons.net\/p\/zero\/1.0\/80x15.png","url":{"de":"https:\/\/creativecommons.org\/publicdomain\/mark\/1.0\/deed.de","en":"https:\/\/creativecommons.org\/publicdomain\/mark\/1.0\/deed.en"},"label":{"de":"Public Domain Mark 1.0","en":"Public Domain Mark 1.0"},"string":{"de":"Verwendete LOD-Identifikatoren sind <a href=\"https:\/\/creativecommons.org\/publicdomain\/mark\/1.0\/deed.de\" target=\"_blank\">Public Domain Mark 1.0<\/a>\u00a0lizenziert.","en":"LOD ids used are licensed <a href=\"https:\/\/creativecommons.org\/publicdomain\/mark\/1.0\/deed.en\" target=\"_blank\">Public Domain Mark 1.0<\/a>."}},"image_restriction_id":3,"image_restriction":"VG Bild-Kunst","image_right":{"short":"none"}}