{"language_default":"de","language_more":[],"ikmk_mds_id":"18238299","ikmk_id":"39738","eLearning_completed":"0","primary_source_id":"0","title":"Sparta","inventory_number":"","activated":"yes","item":{"ikmk_item_id":"1","ndp_uri":"https:\/\/ikmk.smb.museum\/ndp\/item\/1","item_de":"M\u00fcnze","item_en":"Coin","item_nomisma":"http:\/\/nomisma.org\/id\/coin"},"permalink":"https:\/\/ikmk.smb.museum\/object?id=18238299","permalink_source":null,"publisher":{"ikmk_publisher_id":13,"ndp_uri":"https:\/\/ikmk.smb.museum\/ndp\/owner\/13","publisher_name":"M\u00fcnzkabinett, Staatliche Museen zu Berlin - Stiftung Preu\u00dfischer Kulturbesitz","publisher_isil":"http:\/\/ld.zdb-services.de\/resource\/organisations\/DE-MUS-814819","publisher_isil_short":"DE-MUS-814819","UID":"http:\/\/ld.zdb-services.de\/resource\/organisations\/DE-MUS-814819\/18238299","legalBodyWeblink":"https:\/\/www.smb.museum\/museen-und-einrichtungen\/muenzkabinett\/home.html","nomisma_address":"http:\/\/nomisma.org\/id\/mk_berlin","author":"\u00d6zsen, Ilyas"},"owner":{"ikmk_owner_id":"13","owner_name":"Berlin, M\u00fcnzkabinett der Staatlichen Museen","owner_isil":"http:\/\/ld.zdb-services.de\/resource\/organisations\/DE-MUS-814819","owner_isil_short":"DE-MUS-814819","owner_www_address":"https:\/\/ikmk.smb.museum\/","nomisma_address":"http:\/\/nomisma.org\/id\/mk_berlin","ndp_uri":"https:\/\/ikmk.smb.museum\/ndp\/owner\/13","owner_type":{"de":"Eigentum","en":"Property","ikmk_type_id":"2","ndp_uri":"https:\/\/ikmk.smb.museum\/ndp\/status_of_property\/2"}},"ikmk_status_id":"7","status":{"de":"vorhanden","en":"present","ikmk_status_id":"7","ndp_uri":"https:\/\/ikmk.smb.museum\/ndp\/object_status\/7"},"date_last":"2025-02-19 09:29:59","coin_status":[{"ikmk_coin_status_id":"54","coin_status_name_de":"Stadt","coin_status_name_en":"City","coin_status_nomisma_id":"http:\/\/nomisma.org\/id\/city","ndp_uri":"https:\/\/ikmk.smb.museum\/ndp\/class_status\/54"}],"mint":[{"ikmk_country_id":"27","country_ndp_url":"https:\/\/ikmk.smb.museum\/ndp\/country\/27","country_name_de":"Griechenland","country_name_en":"Greece","country_nomisma_id":"http:\/\/nomisma.org\/id\/greece","country_geoname_id":"http:\/\/www.geonames.org\/390903","ikmk_region_id":"213","region_ndp_uri":"https:\/\/ikmk.smb.museum\/ndp\/region\/213","region_name":"Laconia","region_nomisma_id":"http:\/\/nomisma.org\/id\/laconia","region_geoname_id":"","ikmk_mint_id":"518","mint_ndp_uri":"https:\/\/ikmk.smb.museum\/ndp\/location\/518","mint_name":"Sparta","mint_name_de":"Sparta","mint_name_en":"Lacedaemon","mint_nomisma_id":"http:\/\/nomisma.org\/id\/lacedaemon","mint_geoname_id":"http:\/\/www.geonames.org\/253394"}],"material":{"ikmk_material_id":"2","material_name_de":"Bronze","material_name_en":"Bronze","material_nomisma_id":"http:\/\/nomisma.org\/id\/ae","ndp_uri":"https:\/\/ikmk.smb.museum\/ndp\/material\/2"},"diameter":"20 mm","die_axis":"2 h","weight":"3.52 g","accession":"1906 L\u00f6bbecke","access_year":"1906","access_type":{"ikmk_access_type_id":"1","access_type_name":"Kauf","access_type_nomisma_id":"","access_type_concept_id":"http:\/\/d-nb.info\/gnd\/4128692-3","ndp_uir":"https:\/\/ikmk.smb.museum\/ndp\/accession\/1"},"provenienz_extern":"","acquisition_date":"","avers":{"leg_trans":"","leg_text":"[A]TPATINOC","image_description":"Kopf des Lucius Sempronius Atratinus nach r.","foto_date":"2013-05-21","photographer":{"ikmk_photographer_id":"4","photographer_name":"Lutz-J\u00fcrgen L\u00fcbke (L\u00fcbke und Wiedemann)","photographer_gnd":"","photographer_viaf":""},"path_thumbnail":"https:\/\/ikmk.smb.museum\/image\/18238299\/vs_opt.jpg","path_opt":"https:\/\/ikmk.smb.museum\/image\/18238299\/vs_opt.jpg","path_opt_rel":"\/data\/www\/001-ikmk\/mk-edit\/images\/n39\/39738\/vs_opt.jpg","path":"https:\/\/ikmk.smb.museum\/image\/18238299\/vs_org.jpg","path_org":"https:\/\/ikmk.smb.museum\/image\/18238299\/vs_org.jpg","image_timestamp":1643739999,"copyright":{"short":"PDM 1.0","url":"https:\/\/creativecommons.org\/publicdomain\/mark\/1.0\/","de":"Bilddateien sind lizenziert als&nbsp;<a href=\"https:\/\/creativecommons.org\/publicdomain\/mark\/1.0\/deed.de\" target=\"_blank\">Public Domain Mark 1.0<\/a>. Berlin, M\u00fcnzkabinett der Staatlichen Museen, 18238299. Aufnahme durch Lutz-J\u00fcrgen L\u00fcbke (L\u00fcbke und Wiedemann).","en":"Image files are licensed&nbsp;<a href=\"https:\/\/creativecommons.org\/publicdomain\/mark\/1.0\/deed.en\" target=\"_blank\">Public Domain Mark 1.0<\/a>. Berlin, M\u00fcnzkabinett der Staatlichen Museen, 18238299. Photographs by Lutz-J\u00fcrgen L\u00fcbke (L\u00fcbke und Wiedemann)."}},"revers":{"leg_trans":"\u0394 mit Grat","leg_text":"\u039b-\u0391 \/ \u03a6\u0399-\u0394\u0399","image_description":"Ein Adler steht mit geschlossenen Schwingen nach r.","foto_date":"2013-05-21","photographer":{"ikmk_photographer_id":"4","photographer_name":"Lutz-J\u00fcrgen L\u00fcbke (L\u00fcbke und Wiedemann)","photographer_gnd":"","photographer_viaf":""},"path_thumbnail":"https:\/\/ikmk.smb.museum\/image\/18238299\/rs_opt.jpg","path_opt":"https:\/\/ikmk.smb.museum\/image\/18238299\/rs_opt.jpg","path_opt_rel":"\/data\/www\/001-ikmk\/mk-edit\/images\/n39\/39738\/rs_opt.jpg","path":"https:\/\/ikmk.smb.museum\/image\/18238299\/rs_org.jpg","path_org":"https:\/\/ikmk.smb.museum\/image\/18238299\/rs_org.jpg","image_timestamp":1643739999,"copyright":{"short":"PDM 1.0","url":"https:\/\/creativecommons.org\/publicdomain\/mark\/1.0\/","de":"Bilddateien sind lizenziert als&nbsp;<a href=\"https:\/\/creativecommons.org\/publicdomain\/mark\/1.0\/deed.de\" target=\"_blank\">Public Domain Mark 1.0<\/a>. Berlin, M\u00fcnzkabinett der Staatlichen Museen, 18238299. Aufnahme durch Lutz-J\u00fcrgen L\u00fcbke (L\u00fcbke und Wiedemann).","en":"Image files are licensed&nbsp;<a href=\"https:\/\/creativecommons.org\/publicdomain\/mark\/1.0\/deed.en\" target=\"_blank\">Public Domain Mark 1.0<\/a>. Berlin, M\u00fcnzkabinett der Staatlichen Museen, 18238299. Photographs by Lutz-J\u00fcrgen L\u00fcbke (L\u00fcbke und Wiedemann)."}},"division":{"ikmk_division_id":"1","division_name_de":"Antike","division_name_en":"Antiquity"},"sub_division":{"ikmk_subdivision_id":"5","subdivision_name_de":"Griechen, Hellenismus","subdivision_name_en":"Greek, Hellenism"},"literatur":"S. Grunauer-von Hoerschelmann, Die M\u00fcnzpr\u00e4gung der Lakedaimonier. AMuGS VII (1978) 39 f. 53. 57-59 145 Gruppe XVI,9 Nr. 106,3 Taf. 12,106 (dieses St\u00fcck, 39-37 v. Chr.); RPC I Nr. 1101,9 (dieses St\u00fcck); M. Grant, From Imperium to Auctoritas (1946) 382 (39-37 v. Chr.).","comment":"Lucius Sempronius Atratinus war ein Parteig\u00e4nger des Marcus Antonius und wurde von diesem 39 v. Chr. als Legatus pro praetore in Griechenland eingesetzt. Sp\u00e4testens nach Actium wechselte Atratinus jedoch zur Seite Octavians \u00fcber. Auf der Rs. soll, laut Grunauer-von Hoerschelmann (1978) 39, der zust\u00e4ndige Beamte genannt sein (Phidiadas).","period":{"ikmk_period_id":"3","name_de":"Hellenismus","name_en":"Hellenism","description_de":"Bezeichnet die Epoche und Stilperiode zwischen dem Tod Alexanders des Gro\u00dfen und Schlacht bei Actium (31 v. Chr.) bzw. der Eroberung Alexandrias durch Rom im Jahr darauf, also die Zeit von ungef\u00e4hr 323 bis 30 v. Chr.","description_en":"Term to describe the period between the death of Alexander the Great in 323 BC and the battle of Actium in 31 BC resp. the conquest of Alexandria in the following year, hence the period from c. 323 to 30 BC.","concept_id":"http:\/\/d-nb.info\/gnd\/4024313-8","ndp_uri":"https:\/\/ikmk.smb.museum\/ndp\/period\/3"},"year_start":"-39","year_end":"-37","date_verbal":"39-37 v. Chr.","year_islam":"0","references":[{"ikmk_referenz_id":95,"souce":"RPC I","number":"1101,09","similar":"0"}],"type_references":{"14595":"https:\/\/rpc.ashmus.ox.ac.uk\/coins\/1\/1101\/9"},"manufacturing":[{"ikmk_manufacturing_id":"21","manufacturing_name_de":"gepr\u00e4gt","manufacturing_name_en":"struck","nomisma_id":"http:\/\/nomisma.org\/id\/struck","ndp_uri":"https:\/\/ikmk.smb.museum\/ndp\/manufacture\/21"}],"linked_persons_corporations":{"50":{"ikmk_type_id":"50","type_name_de":"Vorbesitzer","type_name_en":"previous Owner","type_nomisma_id":"","type_concept_id":"http:\/\/d-nb.info\/gnd\/4447273-0","ndp_id":"https:\/\/ikmk.smb.museum\/ndp\/type_for_person_and_corporation\/50","items":{"5966":{"ikmk_person_id":"5966","title_de":null,"first_name_de":"Arthur","last_name_de":"L\u00f6bbecke","vitalDates":"25.10.1850 - 17.04.1932","title_en":null,"first_name_en":"Arthur","last_name_en":"L\u00f6bbecke","corporation":"0","lod":{"https:\/\/d-nb.info\/gnd\/127859578":"https:\/\/d-nb.info\/gnd\/127859578","https:\/\/numismates.huma-num.fr\/wiki\/L%C3%B6bbecke_Arthur":"https:\/\/numismates.huma-num.fr\/wiki\/L%C3%B6bbecke_Arthur","https:\/\/term.museum-digital.de\/md-de\/persinst\/62682":"https:\/\/term.museum-digital.de\/md-de\/persinst\/62682","https:\/\/viaf.org\/viaf\/77349448":"https:\/\/viaf.org\/viaf\/77349448","https:\/\/www.britishmuseum.org\/collection\/term\/BIOG111356":"https:\/\/www.britishmuseum.org\/collection\/term\/BIOG111356","https:\/\/www.wikidata.org\/wiki\/Q94920789":"https:\/\/www.wikidata.org\/wiki\/Q94920789","https:\/\/ikmk.smb.museum\/ndp\/person\/5966":"https:\/\/ikmk.smb.museum\/ndp\/person\/5966"},"year_from":"0","year_until":"1906"}}},"54":{"ikmk_type_id":"54","type_name_de":"Dargestellte\/r","type_name_en":"Sitter","type_nomisma_id":"http:\/\/nomisma.org\/id\/portrait","type_concept_id":"http:\/\/vocab.getty.edu\/aat\/300189844","ndp_id":"https:\/\/ikmk.smb.museum\/ndp\/type_for_person_and_corporation\/54","items":{"3020":{"ikmk_person_id":"3020","title_de":null,"first_name_de":null,"last_name_de":"Lucius Sempronius Atratinus","vitalDates":"73 v.-7 n. Chr.","title_en":null,"first_name_en":null,"last_name_en":"Lucius Sempronius Atratinus","corporation":"0","lod":{"https:\/\/de.wikipedia.org\/wiki\/Lucius_Sempronius_Atratinus_(Suffektkonsul_34_v._Chr.)":"https:\/\/de.wikipedia.org\/wiki\/Lucius_Sempronius_Atratinus_(Suffektkonsul_34_v._Chr.)","https:\/\/en.wikipedia.org\/wiki\/Lucius_Sempronius_Atratinus":"https:\/\/en.wikipedia.org\/wiki\/Lucius_Sempronius_Atratinus","https:\/\/nomisma.org\/id\/l_atratinvs_avgvr_rrc":"https:\/\/nomisma.org\/id\/l_atratinvs_avgvr_rrc","https:\/\/term.museum-digital.de\/md-de\/persinst\/122565":"https:\/\/term.museum-digital.de\/md-de\/persinst\/122565","https:\/\/www.britishmuseum.org\/collection\/term\/BIOG177972":"https:\/\/www.britishmuseum.org\/collection\/term\/BIOG177972","https:\/\/www.wikidata.org\/wiki\/Q983266":"https:\/\/www.wikidata.org\/wiki\/Q983266","https:\/\/ikmk.smb.museum\/ndp\/person\/3020":"https:\/\/ikmk.smb.museum\/ndp\/person\/3020"}}}},"58":{"ikmk_type_id":"58","type_name_de":"Magistrat (Ant)","type_name_en":"Magistrate (Ant)","type_nomisma_id":"","type_concept_id":"http:\/\/d-nb.info\/gnd\/4168515-5","ndp_id":"https:\/\/ikmk.smb.museum\/ndp\/type_for_person_and_corporation\/58","items":{"3020":{"ikmk_person_id":"3020","title_de":null,"first_name_de":null,"last_name_de":"Lucius Sempronius Atratinus","vitalDates":"73 v.-7 n. Chr.","title_en":null,"first_name_en":null,"last_name_en":"Lucius Sempronius Atratinus","corporation":"0","lod":{"https:\/\/de.wikipedia.org\/wiki\/Lucius_Sempronius_Atratinus_(Suffektkonsul_34_v._Chr.)":"https:\/\/de.wikipedia.org\/wiki\/Lucius_Sempronius_Atratinus_(Suffektkonsul_34_v._Chr.)","https:\/\/en.wikipedia.org\/wiki\/Lucius_Sempronius_Atratinus":"https:\/\/en.wikipedia.org\/wiki\/Lucius_Sempronius_Atratinus","https:\/\/nomisma.org\/id\/l_atratinvs_avgvr_rrc":"https:\/\/nomisma.org\/id\/l_atratinvs_avgvr_rrc","https:\/\/term.museum-digital.de\/md-de\/persinst\/122565":"https:\/\/term.museum-digital.de\/md-de\/persinst\/122565","https:\/\/www.britishmuseum.org\/collection\/term\/BIOG177972":"https:\/\/www.britishmuseum.org\/collection\/term\/BIOG177972","https:\/\/www.wikidata.org\/wiki\/Q983266":"https:\/\/www.wikidata.org\/wiki\/Q983266","https:\/\/ikmk.smb.museum\/ndp\/person\/3020":"https:\/\/ikmk.smb.museum\/ndp\/person\/3020"}},"4524":{"ikmk_person_id":"4524","title_de":"","first_name_de":"","last_name_de":"Phidi(ades)","vitalDates":"","title_en":null,"first_name_en":null,"last_name_en":"Phidi(ades)","corporation":"0","lod":{"https:\/\/ikmk.smb.museum\/ndp\/person\/4524":"https:\/\/ikmk.smb.museum\/ndp\/person\/4524"}}}}},"keywords":[{"ikmk_keyword_id":"1","keyword_de":"Antike","keyword_gnd_uri":"http:\/\/d-nb.info\/gnd\/4068754-5","keyword_concept_uri":"http:\/\/vocab.getty.edu\/aat\/300055818"},{"ikmk_keyword_id":"71","keyword_de":"Bronze \/ Kupfer","keyword_gnd_uri":"http:\/\/d-nb.info\/gnd\/4146667-6","keyword_concept_uri":"http:\/\/www.nomisma.org\/id\/ae"},{"ikmk_keyword_id":"23","keyword_de":"Griechenland","keyword_gnd_uri":"http:\/\/d-nb.info\/gnd\/4022047-3","keyword_concept_uri":"http:\/\/vocab.getty.edu\/tgn\/1000074"},{"ikmk_keyword_id":"5","keyword_de":"Hellenismus, 4.-1. Jh. v. Chr.","keyword_gnd_uri":"http:\/\/d-nb.info\/gnd\/4024313-8","keyword_concept_uri":"http:\/\/vocab.getty.edu\/aat\/300020101"},{"ikmk_keyword_id":"67","keyword_de":"M\u00fcnzmeister\/-beamte","keyword_gnd_uri":"","keyword_concept_uri":"http:\/\/vocab.getty.edu\/aat\/300205361"},{"ikmk_keyword_id":"43","keyword_de":"Portr\u00e4ts","keyword_gnd_uri":"http:\/\/d-nb.info\/gnd\/4006627-7","keyword_concept_uri":"http:\/\/vocab.getty.edu\/aat\/300015637"},{"ikmk_keyword_id":"38","keyword_de":"St\u00e4dte","keyword_gnd_uri":"http:\/\/d-nb.info\/gnd\/4056723-0","keyword_concept_uri":"http:\/\/nomisma.org\/id\/city"},{"ikmk_keyword_id":"51","keyword_de":"Tiere","keyword_gnd_uri":"http:\/\/d-nb.info\/gnd\/4185464-0","keyword_concept_uri":""}],"text_right":{"short":"CC BY-SA 4.0","icon":"https:\/\/licensebuttons.net\/l\/by-sa\/4.0\/80x15.png","url":{"de":"https:\/\/creativecommons.org\/licenses\/by-sa\/4.0\/deed.de","en":"https:\/\/creativecommons.org\/licenses\/by-sa\/4.0\/deed.en"},"label":{"de":"Creative Commons Namensnennung - Weitergabe unter gleichen Bedingungen 4.0 International","en":"Creative Commons Attribution-ShareAlike 4.0 International"},"string":{"de":"Texte und Beschreibungen in diesem Online-Katalog stehen unter einer\u00a0<a href=\"https:\/\/creativecommons.org\/licenses\/by-sa\/4.0\/deed.de\" target=\"_blank\">CC BY-SA 4.0<\/a> Lizenz.","en":"Texts and descriptions of this catalogue are licensed <a href=\"https:\/\/creativecommons.org\/licenses\/by-sa\/4.0\/deed.en\" target=\"_blank\">CC BY-SA 4.0<\/a>."}},"lod_right":{"short":"PDM 1.0","icon":"https:\/\/licensebuttons.net\/p\/zero\/1.0\/80x15.png","url":{"de":"https:\/\/creativecommons.org\/publicdomain\/mark\/1.0\/deed.de","en":"https:\/\/creativecommons.org\/publicdomain\/mark\/1.0\/deed.en"},"label":{"de":"Public Domain Mark 1.0","en":"Public Domain Mark 1.0"},"string":{"de":"Verwendete LOD-Identifikatoren sind <a href=\"https:\/\/creativecommons.org\/publicdomain\/mark\/1.0\/deed.de\" target=\"_blank\">Public Domain Mark 1.0<\/a>\u00a0lizenziert.","en":"LOD ids used are licensed <a href=\"https:\/\/creativecommons.org\/publicdomain\/mark\/1.0\/deed.en\" target=\"_blank\">Public Domain Mark 1.0<\/a>."}},"image_restriction_id":0,"image_restriction":"free","image_right":{"short":"PDM 1.0","icon":"https:\/\/licensebuttons.net\/p\/zero\/1.0\/80x15.png","url":{"de":"https:\/\/creativecommons.org\/publicdomain\/mark\/1.0\/deed.de","en":"https:\/\/creativecommons.org\/publicdomain\/mark\/1.0\/deed.en"},"label":{"de":"Public Domain Mark 1.0","en":"Public Domain Mark 1.0"}}}